{"id":482324,"date":"2017-06-07T10:42:19","date_gmt":"2017-06-07T15:42:19","guid":{"rendered":"https:\/\/www.futboltotal.com.mx\/?p=482324"},"modified":"2017-06-07T10:42:19","modified_gmt":"2017-06-07T15:42:19","slug":"abraham-gonzalez-esta-a-paso-jugar-cruz-azul","status":"publish","type":"post","link":"http:\/\/desarrollo.grupomedios.com\/futbol\/futbol-mexicano\/abraham-gonzalez-esta-a-paso-jugar-cruz-azul\/2017\/06","title":{"rendered":"Abraham Gonz\u00e1lez est\u00e1 a un paso de jugar para Cruz Azul"},"content":{"rendered":"<p>La directiva de <strong>Cruz Azul<\/strong> no deja de trabajar en busca de los refuerzos para armar el equipo con el que el t\u00e9cnico espa\u00f1ol <strong>Paco J\u00e9mez<\/strong> encare el torneo <strong>Apertura 2017<\/strong> en busca de acabar con la malaria cementera y un compatriota de su entrenador estar\u00eda cerca de llegar a <em><strong>La M\u00e1quina<\/strong><\/em>, <strong>Abraham Gonz\u00e1lez<\/strong>.<\/p>\n<p>El hasta hace unas semanas jugador de los <strong>Pumas<\/strong> no se arregl\u00f3 con la directiva auriazul para extender su contrato y <a href=\"https:\/\/www.futboltotal.com.mx\/2017\/05\/pumas-se-desmantela-oficial-la-salida-abraham-gonzalez\/\" target=\"_blank\" rel=\"noopener noreferrer\"><span style=\"color: #333399;\">decidi\u00f3 ser \u00e9l mismo quien anunciara su salida del club<\/span><\/a>, lo que no cay\u00f3 nada bien en\u00a0la c\u00fapula universitaria.<\/p>\n<p style=\"text-align: center;\"><a href=\"https:\/\/www.futboltotal.com.mx\/2017\/06\/la-seleccion-mexico-dio-lista-preliminar-la-copa-oro-2017\/\" target=\"_blank\" rel=\"noopener noreferrer\"><span style=\"color: #333399;\">VER M\u00c1S: M\u00e9xico dio su lista preliminar para Copa Oro 2017&#8230; sin europeos<\/span><\/a><\/p>\n<p>Sin embargo, <strong>Gonz\u00e1lez<\/strong>, quien lleg\u00f3 a M\u00e9xico a petici\u00f3n de <strong>Juan Francisco Palencia<\/strong> y dej\u00f3 un buen sabor de boca, <a href=\"https:\/\/www.futboltotal.com.mx\/2017\/05\/abraham-gonzalez-deja-a-pumas-por-cruz-azul\/\" target=\"_blank\" rel=\"noopener noreferrer\"><span style=\"color: #333399;\">ya ven\u00eda siendo vinculado con <strong>Cruz Azul<\/strong> desde hace unos meses<\/span><\/a> y todo indica que en este <strong>Draft de Transferencias<\/strong> el movimiento se har\u00e1 oficial.<\/p>\n<p><strong>Gonz\u00e1lez<\/strong> estar\u00eda fortaleciendo el mediocampo de los <em><strong>Celestes<\/strong><\/em>, que ha tenido algunos problemas para acoplarse al sistema de juego de <strong>J\u00e9mez<\/strong>.<\/p>\n<p style=\"text-align: center;\"><a href=\"https:\/\/www.futboltotal.com.mx\/2017\/06\/america-acepto-la-mls-quiere-a-darwin-quintero\/\" target=\"_blank\" rel=\"noopener noreferrer\"><span style=\"color: #333399;\">VER M\u00c1S: Am\u00e9rica acept\u00f3 que la MLS est\u00e1 buscando a Darwin Quintero<\/span><\/a><\/p>\n","protected":false},"excerpt":{"rendered":"<p>El espa\u00f1ol no se arregl\u00f3 con la directiva auriazul y est\u00e1 a un paso de ser cementero.<\/p>\n","protected":false},"author":20,"featured_media":482325,"comment_status":"closed","ping_status":"closed","sticky":false,"template":"","format":"standard","meta":[],"categories":[7740,2198,3845],"tags":[8582,5962,8551,74],"_links":{"self":[{"href":"http:\/\/desarrollo.grupomedios.com\/futbol\/wp-json\/wp\/v2\/posts\/482324"}],"collection":[{"href":"http:\/\/desarrollo.grupomedios.com\/futbol\/wp-json\/wp\/v2\/posts"}],"about":[{"href":"http:\/\/desarrollo.grupomedios.com\/futbol\/wp-json\/wp\/v2\/types\/post"}],"author":[{"embeddable":true,"href":"http:\/\/desarrollo.grupomedios.com\/futbol\/wp-json\/wp\/v2\/users\/20"}],"replies":[{"embeddable":true,"href":"http:\/\/desarrollo.grupomedios.com\/futbol\/wp-json\/wp\/v2\/comments?post=482324"}],"version-history":[{"count":1,"href":"http:\/\/desarrollo.grupomedios.com\/futbol\/wp-json\/wp\/v2\/posts\/482324\/revisions"}],"predecessor-version":[{"id":482326,"href":"http:\/\/desarrollo.grupomedios.com\/futbol\/wp-json\/wp\/v2\/posts\/482324\/revisions\/482326"}],"wp:featuredmedia":[{"embeddable":true,"href":"http:\/\/desarrollo.grupomedios.com\/futbol\/wp-json\/wp\/v2\/media\/482325"}],"wp:attachment":[{"href":"http:\/\/desarrollo.grupomedios.com\/futbol\/wp-json\/wp\/v2\/media?parent=482324"}],"wp:term":[{"taxonomy":"category","embeddable":true,"href":"http:\/\/desarrollo.grupomedios.com\/futbol\/wp-json\/wp\/v2\/categories?post=482324"},{"taxonomy":"post_tag","embeddable":true,"href":"http:\/\/desarrollo.grupomedios.com\/futbol\/wp-json\/wp\/v2\/tags?post=482324"}],"curies":[{"name":"wp","href":"https:\/\/api.w.org\/{rel}","templated":true}]}}