{"id":482343,"date":"2017-06-07T16:33:58","date_gmt":"2017-06-07T21:33:58","guid":{"rendered":"https:\/\/www.futboltotal.com.mx\/?p=482343"},"modified":"2017-06-07T19:11:11","modified_gmt":"2017-06-08T00:11:11","slug":"pachuca-oficializo-la-llegada-edson-puch","status":"publish","type":"post","link":"http:\/\/desarrollo.grupomedios.com\/futbol\/destacado-home\/pachuca-oficializo-la-llegada-edson-puch\/2017\/06","title":{"rendered":"Pachuca oficializ\u00f3 la llegada de Edson Puch"},"content":{"rendered":"<p>Los rumores han terminado y por fin se ha oficializado la transferencia del delantero chileno, <strong>Edson Puch<\/strong> al <strong>Pachuca<\/strong>, club donde jugar\u00e1 a partir del pr\u00f3ximo torneo de Apertura 2017.<\/p>\n<p>Fue a trav\u00e9s de la cuenta de Twitter de los clubes donde se dio el anuncio, pues primero la cuenta del Necaxa envi\u00f3 un mensaje agradeciendo la entrega de Puch y despu\u00e9s los <em>Tuzos<\/em> escribieron pregunt\u00e1ndoles al chileno si tiene deseos de jugar el <strong>Mundial de Clubes<\/strong>.<\/p>\n<p style=\"text-align: center;\"><span style=\"color: #3366ff;\"><a style=\"color: #3366ff;\" href=\"https:\/\/en-vivo.futboltotal.com.mx\/partido\/en-vivo-draft-transferencias-liga-mx-apertura-2017\/110\/\">VER M\u00c1S: Sigue EN VIVO el Draft de Transferencias de la Liga MX del Apertura 2017<\/a><\/span><\/p>\n<blockquote class=\"twitter-tweet\" data-width=\"500\">\n<p lang=\"es\" dir=\"ltr\">Gracias <a href=\"https:\/\/twitter.com\/EdsonPuchCortez\">@EdsonPuchCortez<\/a> por toda la entrega y profesionalismo que mostraste durante este tiempo en <a href=\"https:\/\/twitter.com\/ClubNecaxa\">@ClubNecaxa<\/a> \u00a1\u00c9xito en tu nuevo equipo! <a href=\"https:\/\/t.co\/zcSPlWaabA\">pic.twitter.com\/zcSPlWaabA<\/a><\/p>\n<p>&mdash; Club Necaxa \u26a1 (@ClubNecaxa) <a href=\"https:\/\/twitter.com\/ClubNecaxa\/status\/872508946979803137\">June 7, 2017<\/a><\/p><\/blockquote>\n<p><script async src=\"\/\/platform.twitter.com\/widgets.js\" charset=\"utf-8\"><\/script><\/p>\n<p>Despu\u00e9s la misma cuenta de Pacucha le dio la bienvenida a Puch junto con um meme, fiel a la costumbre de la cuenta de los Tuzos.<\/p>\n<blockquote class=\"twitter-tweet\" data-width=\"500\">\n<p lang=\"es\" dir=\"ltr\">Oye <a href=\"https:\/\/twitter.com\/EdsonPuchCortez\">@EdsonPuchCortez<\/a> \u00bfqui\u00e9res jugar el Mundial de Clubes con nosotros?<\/p>\n<p>&mdash; Club Pachuca (@Tuzos) <a href=\"https:\/\/twitter.com\/Tuzos\/status\/872510855400837121\">June 7, 2017<\/a><\/p><\/blockquote>\n<p><script async src=\"\/\/platform.twitter.com\/widgets.js\" charset=\"utf-8\"><\/script><\/p>\n<p>https:\/\/twitter.com\/Tuzos\/status\/872521505191624705<\/p>\n","protected":false},"excerpt":{"rendered":"<p>El chileno dej\u00f3 a los Rayos para disputar el Mundial de Clubes.<\/p>\n","protected":false},"author":20,"featured_media":482346,"comment_status":"closed","ping_status":"closed","sticky":false,"template":"","format":"standard","meta":[],"categories":[5,2198,3845],"tags":[3749,7454,64,261,5968],"_links":{"self":[{"href":"http:\/\/desarrollo.grupomedios.com\/futbol\/wp-json\/wp\/v2\/posts\/482343"}],"collection":[{"href":"http:\/\/desarrollo.grupomedios.com\/futbol\/wp-json\/wp\/v2\/posts"}],"about":[{"href":"http:\/\/desarrollo.grupomedios.com\/futbol\/wp-json\/wp\/v2\/types\/post"}],"author":[{"embeddable":true,"href":"http:\/\/desarrollo.grupomedios.com\/futbol\/wp-json\/wp\/v2\/users\/20"}],"replies":[{"embeddable":true,"href":"http:\/\/desarrollo.grupomedios.com\/futbol\/wp-json\/wp\/v2\/comments?post=482343"}],"version-history":[{"count":2,"href":"http:\/\/desarrollo.grupomedios.com\/futbol\/wp-json\/wp\/v2\/posts\/482343\/revisions"}],"predecessor-version":[{"id":482348,"href":"http:\/\/desarrollo.grupomedios.com\/futbol\/wp-json\/wp\/v2\/posts\/482343\/revisions\/482348"}],"wp:featuredmedia":[{"embeddable":true,"href":"http:\/\/desarrollo.grupomedios.com\/futbol\/wp-json\/wp\/v2\/media\/482346"}],"wp:attachment":[{"href":"http:\/\/desarrollo.grupomedios.com\/futbol\/wp-json\/wp\/v2\/media?parent=482343"}],"wp:term":[{"taxonomy":"category","embeddable":true,"href":"http:\/\/desarrollo.grupomedios.com\/futbol\/wp-json\/wp\/v2\/categories?post=482343"},{"taxonomy":"post_tag","embeddable":true,"href":"http:\/\/desarrollo.grupomedios.com\/futbol\/wp-json\/wp\/v2\/tags?post=482343"}],"curies":[{"name":"wp","href":"https:\/\/api.w.org\/{rel}","templated":true}]}}