{"id":482344,"date":"2017-06-07T13:21:28","date_gmt":"2017-06-07T18:21:28","guid":{"rendered":"https:\/\/www.futboltotal.com.mx\/?p=482344"},"modified":"2017-06-07T14:21:04","modified_gmt":"2017-06-07T19:21:04","slug":"javier-guemez-cambia-nido-america-pasa-al-queretaro","status":"publish","type":"post","link":"http:\/\/desarrollo.grupomedios.com\/futbol\/futbol-mexicano\/javier-guemez-cambia-nido-america-pasa-al-queretaro\/2017\/06","title":{"rendered":"Javier G\u00fcemez cambia de Nido, de Am\u00e9rica pasa al Quer\u00e9taro"},"content":{"rendered":"<p>El destino de <strong>Javier G\u00fcemez<\/strong> est\u00e1 en <strong>Quer\u00e9taro<\/strong> a partir del <strong>Apertura 2017<\/strong>, esto luego de que los <strong><em>Gallos<\/em><\/strong> lograran en el <a href=\"https:\/\/www.futboltotal.com.mx\/2017\/06\/sigue-en-vivo-draft-transferencias-liga-mx-apertura-2017\/\" target=\"_blank\" rel=\"noopener noreferrer\"><span style=\"color: #333399;\"><strong>Draft de Transferencias 2017<\/strong><\/span><\/a> los servicios del mediocampista que hasta el torneo pasado jug\u00f3 con el <strong>Am\u00e9rica<\/strong>.<\/p>\n<p><strong>G\u00fcemez<\/strong>, formado en las fuerzas b\u00e1sicas del propio\u00a0<strong>Quer\u00e9taro<\/strong>, debut\u00f3 como profesional con <strong>Dorados<\/strong> y en 2013 dio el salto al <strong>Tijuana<\/strong>, donde se consolid\u00f3 como uno de los contenciones con m\u00e1s recuperaci\u00f3n de bal\u00f3n y salida del futbol mexicano.<\/p>\n<p style=\"text-align: center;\"><a href=\"https:\/\/www.futboltotal.com.mx\/2017\/06\/la-seleccion-mexico-dio-lista-preliminar-la-copa-oro-2017\/\" target=\"_blank\" rel=\"noopener noreferrer\"><span style=\"color: #333399;\">VER M\u00c1S: M\u00e9xico dio su lista preliminar para Copa Oro 2017&#8230; sin europeos<\/span><\/a><\/p>\n<p>En 2015 lleg\u00f3 al <strong>Am\u00e9rica<\/strong>, donde para su desgracia las lesiones no le permitieron ver acci\u00f3n m\u00e1s que en 28 juegos a lo largo de dos a\u00f1os.<\/p>\n<p>Los <em><strong>Gallos<\/strong><\/em> apuestan por este futbolista para recuperar su mejor versi\u00f3n futbol\u00edstica y reforzar la mitad de cancha del t\u00e9cnico <strong>Jaime Lozano<\/strong>.<\/p>\n<p style=\"text-align: center;\"><a href=\"https:\/\/www.futboltotal.com.mx\/2017\/06\/fernando-torres-rechazaria-a-cruz-azul-renovar-atleti\/\" target=\"_blank\" rel=\"noopener noreferrer\"><span style=\"color: #333399;\">VER M\u00c1S: Fernando Torres rechazar\u00eda al Cruz Azul para renovar con Atl\u00e9tico<\/span><\/a><\/p>\n<blockquote class=\"twitter-tweet\" data-lang=\"es\">\n<p dir=\"ltr\" lang=\"es\"><a href=\"https:\/\/twitter.com\/hashtag\/TransferenciasAP2017?src=hash\">#TransferenciasAP2017<\/a><br \/>\nJavier G\u00fcemez pasa de <a href=\"https:\/\/twitter.com\/ClubAmerica\">@ClubAmerica<\/a> a <a href=\"https:\/\/twitter.com\/Club_Queretaro\">@Club_Queretaro<\/a> en venta definitiva.<br \/>\n\u26bd <a href=\"https:\/\/twitter.com\/hashtag\/SienteTuLiga?src=hash\">#SienteTuLiga<\/a> \u26bd <a href=\"https:\/\/twitter.com\/hashtag\/SemanaDelFutMX?src=hash\">#SemanaDelFutMX<\/a> <a href=\"https:\/\/t.co\/Ed7YEd8FI1\">pic.twitter.com\/Ed7YEd8FI1<\/a><\/p>\n<p>\u2014 LIGA Bancomer MX (@LIGABancomerMX) <a href=\"https:\/\/twitter.com\/LIGABancomerMX\/status\/872513138725457921\">7 de junio de 2017<\/a><\/p><\/blockquote>\n<p><script async src=\"\/\/platform.twitter.com\/widgets.js\" charset=\"utf-8\"><\/script><\/p>\n","protected":false},"excerpt":{"rendered":"<p>Los Gallos apuestan por Javier G\u00fcemez para recuperar su mejor versi\u00f3n futbol\u00edstica.<\/p>\n","protected":false},"author":20,"featured_media":482362,"comment_status":"closed","ping_status":"closed","sticky":false,"template":"","format":"standard","meta":[],"categories":[7740,2198,3845],"tags":[1585,5959,8551,4256,5571,64,5970],"_links":{"self":[{"href":"http:\/\/desarrollo.grupomedios.com\/futbol\/wp-json\/wp\/v2\/posts\/482344"}],"collection":[{"href":"http:\/\/desarrollo.grupomedios.com\/futbol\/wp-json\/wp\/v2\/posts"}],"about":[{"href":"http:\/\/desarrollo.grupomedios.com\/futbol\/wp-json\/wp\/v2\/types\/post"}],"author":[{"embeddable":true,"href":"http:\/\/desarrollo.grupomedios.com\/futbol\/wp-json\/wp\/v2\/users\/20"}],"replies":[{"embeddable":true,"href":"http:\/\/desarrollo.grupomedios.com\/futbol\/wp-json\/wp\/v2\/comments?post=482344"}],"version-history":[{"count":1,"href":"http:\/\/desarrollo.grupomedios.com\/futbol\/wp-json\/wp\/v2\/posts\/482344\/revisions"}],"predecessor-version":[{"id":482345,"href":"http:\/\/desarrollo.grupomedios.com\/futbol\/wp-json\/wp\/v2\/posts\/482344\/revisions\/482345"}],"wp:featuredmedia":[{"embeddable":true,"href":"http:\/\/desarrollo.grupomedios.com\/futbol\/wp-json\/wp\/v2\/media\/482362"}],"wp:attachment":[{"href":"http:\/\/desarrollo.grupomedios.com\/futbol\/wp-json\/wp\/v2\/media?parent=482344"}],"wp:term":[{"taxonomy":"category","embeddable":true,"href":"http:\/\/desarrollo.grupomedios.com\/futbol\/wp-json\/wp\/v2\/categories?post=482344"},{"taxonomy":"post_tag","embeddable":true,"href":"http:\/\/desarrollo.grupomedios.com\/futbol\/wp-json\/wp\/v2\/tags?post=482344"}],"curies":[{"name":"wp","href":"https:\/\/api.w.org\/{rel}","templated":true}]}}