{"id":482355,"date":"2017-06-07T14:12:58","date_gmt":"2017-06-07T19:12:58","guid":{"rendered":"https:\/\/www.futboltotal.com.mx\/?p=482355"},"modified":"2017-06-07T14:12:58","modified_gmt":"2017-06-07T19:12:58","slug":"miguel-ponce-deja-a-las-chivas-jugar-necaxa","status":"publish","type":"post","link":"http:\/\/desarrollo.grupomedios.com\/futbol\/futbol-mexicano\/miguel-ponce-deja-a-las-chivas-jugar-necaxa\/2017\/06","title":{"rendered":"Miguel Ponce deja a las Chivas para jugar con Necaxa"},"content":{"rendered":"<p>Luego de lograr el t\u00edtulo del <strong>Clausura 2017<\/strong> con las <strong>Chivas<\/strong>, el lateral <strong>Miguel Ponce<\/strong> jugar\u00e1 a partir del torneo <strong>Apertura 2017<\/strong> con el <strong>Necaxa<\/strong> luego de que se hiciera oficial el movimiento durante el <a href=\"https:\/\/www.futboltotal.com.mx\/2017\/06\/sigue-en-vivo-draft-transferencias-liga-mx-apertura-2017\/\" target=\"_blank\" rel=\"noopener noreferrer\"><span style=\"color: #333399;\"><strong>Draft de Transferencias 2017<\/strong><\/span><\/a> de la Liga MX.<\/p>\n<p><strong>Ponce<\/strong>, mexico-americano debido a que naci\u00f3 en California, Estados Unidos, surgi\u00f3 de las fuerzas b\u00e1sicas del <em><strong>Reba\u00f1o<\/strong><\/em> pero en 2014 ya jug\u00f3 cedido con el <strong>Toluca<\/strong>, cuenta con 7 a\u00f1os como jugador profesional y ha sido seleccionado mexicano desde categor\u00edas menores.<\/p>\n<p>En este <strong>Clausura 2017<\/strong> tuvo participaci\u00f3n con las <strong>Chivas<\/strong> para conseguir el doblete, los t\u00edtulos de Liga MX y <strong>Copa MX<\/strong>, pero no con la cantidad de minutos que hubiera deseado, por lo que acept\u00f3 la opci\u00f3n de jugar con los <em><strong>Rayos<\/strong><\/em>.<\/p>\n<p style=\"text-align: center;\"><a href=\"https:\/\/www.futboltotal.com.mx\/2017\/06\/pachuca-oficializo-la-llegada-edson-puch\/\" target=\"_blank\" rel=\"noopener noreferrer\"><span style=\"color: #333399;\">VER M\u00c1S: Pachuca oficializ\u00f3 la contrataci\u00f3n de Edson Puch<\/span><\/a><\/p>\n<blockquote class=\"twitter-tweet\" data-lang=\"es\">\n<p dir=\"ltr\" lang=\"es\">Miguel Angel Ponce llega de Chivas para reforzar a nuestro equipo <a href=\"https:\/\/twitter.com\/ClubNecaxa\">@ClubNecaxa<\/a>. \u00a1Bienvenido a tu nueva casa! &#x1f4aa;\u26bd\ufe0f&#x1f60e;&#x1f37b;&#x1f3c6; <a href=\"https:\/\/t.co\/hNGxEPLPjM\">pic.twitter.com\/hNGxEPLPjM<\/a><\/p>\n<p>\u2014 Circle K M\u00e9xico (@CircleKMexico) <a href=\"https:\/\/twitter.com\/CircleKMexico\/status\/872528594035253248\">7 de junio de 2017<\/a><\/p><\/blockquote>\n<p><script async src=\"\/\/platform.twitter.com\/widgets.js\" charset=\"utf-8\"><\/script><\/p>\n","protected":false},"excerpt":{"rendered":"<p>Miguel Ponce jugar\u00e1 a partir del torneo Apertura 2017 con Necaxa.<\/p>\n","protected":false},"author":20,"featured_media":482357,"comment_status":"closed","ping_status":"closed","sticky":false,"template":"","format":"standard","meta":[],"categories":[7740,2198,3845],"tags":[70,8551,5963,64,788,261,263],"_links":{"self":[{"href":"http:\/\/desarrollo.grupomedios.com\/futbol\/wp-json\/wp\/v2\/posts\/482355"}],"collection":[{"href":"http:\/\/desarrollo.grupomedios.com\/futbol\/wp-json\/wp\/v2\/posts"}],"about":[{"href":"http:\/\/desarrollo.grupomedios.com\/futbol\/wp-json\/wp\/v2\/types\/post"}],"author":[{"embeddable":true,"href":"http:\/\/desarrollo.grupomedios.com\/futbol\/wp-json\/wp\/v2\/users\/20"}],"replies":[{"embeddable":true,"href":"http:\/\/desarrollo.grupomedios.com\/futbol\/wp-json\/wp\/v2\/comments?post=482355"}],"version-history":[{"count":1,"href":"http:\/\/desarrollo.grupomedios.com\/futbol\/wp-json\/wp\/v2\/posts\/482355\/revisions"}],"predecessor-version":[{"id":482358,"href":"http:\/\/desarrollo.grupomedios.com\/futbol\/wp-json\/wp\/v2\/posts\/482355\/revisions\/482358"}],"wp:featuredmedia":[{"embeddable":true,"href":"http:\/\/desarrollo.grupomedios.com\/futbol\/wp-json\/wp\/v2\/media\/482357"}],"wp:attachment":[{"href":"http:\/\/desarrollo.grupomedios.com\/futbol\/wp-json\/wp\/v2\/media?parent=482355"}],"wp:term":[{"taxonomy":"category","embeddable":true,"href":"http:\/\/desarrollo.grupomedios.com\/futbol\/wp-json\/wp\/v2\/categories?post=482355"},{"taxonomy":"post_tag","embeddable":true,"href":"http:\/\/desarrollo.grupomedios.com\/futbol\/wp-json\/wp\/v2\/tags?post=482355"}],"curies":[{"name":"wp","href":"https:\/\/api.w.org\/{rel}","templated":true}]}}