{"id":482363,"date":"2017-06-07T15:07:01","date_gmt":"2017-06-07T20:07:01","guid":{"rendered":"https:\/\/www.futboltotal.com.mx\/?p=482363"},"modified":"2017-06-07T15:07:01","modified_gmt":"2017-06-07T20:07:01","slug":"jose-palmera-rivas-sale-tigres-luego-13-anos","status":"publish","type":"post","link":"http:\/\/desarrollo.grupomedios.com\/futbol\/futbol-mexicano\/jose-palmera-rivas-sale-tigres-luego-13-anos\/2017\/06","title":{"rendered":"Jos\u00e9 &#8216;Palmera&#8217; Rivas sale de Tigres luego de 13 a\u00f1os"},"content":{"rendered":"<p>El veterano defensor <strong>Jos\u00e9 Arturo Rivas<\/strong>, quien ha jugado toda su carrera como futbolista defendiendo la playera de <strong>Tigres<\/strong>, ha sido negociado en el <strong>Draft de Transferencias 2017<\/strong> para jugar con el <strong>Veracruz<\/strong> a partir del torneo <strong>Apertura 2017.<\/strong><\/p>\n<p>Los <em><strong>Tiburones<\/strong><\/em> lograron la cesi\u00f3n del <strong><em>Palmera<\/em> Rivas<\/strong>, quien desde su aparici\u00f3n con el primer equipo de la UANL en 2004 no hab\u00eda jugado para ning\u00fan otro equipo.<\/p>\n<p style=\"text-align: center;\"><a href=\"https:\/\/www.futboltotal.com.mx\/2017\/06\/pachuca-oficializo-la-llegada-edson-puch\/\" target=\"_blank\" rel=\"noopener noreferrer\"><span style=\"color: #333399;\">VER M\u00c1S: Pachuca oficializ\u00f3 la llegada de Edson Puch<\/span><\/a><\/p>\n<p><strong>Rivas<\/strong>, quien en 2015 recibi\u00f3 la oportunidad de jugar con la <strong>Selecci\u00f3n Mexicana<\/strong>, acumula en su palmar\u00e9s tres t\u00edtulos de Liga MX, uno de Copa MX y uno de Campe\u00f3n de Campeones, todos con los felinos.<\/p>\n<p>El famoso <em><strong>Palmera<\/strong><\/em> se caracteriza por no ser un jugador t\u00e9cnico, pero f\u00e9rreo en la marca y hab\u00eda logrado mantenerse con <strong>Tigres<\/strong> hasta ahora, cortando 13 a\u00f1os ininterrumpidos en este club.<\/p>\n<p style=\"text-align: center;\"><a href=\"https:\/\/www.futboltotal.com.mx\/2017\/06\/pachuca-arma-equipazo-ficha-a-edwin-cardona-del-monterrey\/\" target=\"_blank\" rel=\"noopener noreferrer\"><span style=\"color: #333399;\">VER M\u00c1S: Tuzos arma un equipazo y ficha a Edwin Cardona del Monterrey<\/span><\/a><\/p>\n","protected":false},"excerpt":{"rendered":"<p>El Veracruz logr\u00f3 la cesi\u00f3n del Palmera Rivas, quien desde 2004 jugaba con Tigres.<\/p>\n","protected":false},"author":20,"featured_media":482364,"comment_status":"closed","ping_status":"closed","sticky":false,"template":"","format":"standard","meta":[],"categories":[7740,2198,3845],"tags":[8357,8551,8706,64,8705,5973,6049],"_links":{"self":[{"href":"http:\/\/desarrollo.grupomedios.com\/futbol\/wp-json\/wp\/v2\/posts\/482363"}],"collection":[{"href":"http:\/\/desarrollo.grupomedios.com\/futbol\/wp-json\/wp\/v2\/posts"}],"about":[{"href":"http:\/\/desarrollo.grupomedios.com\/futbol\/wp-json\/wp\/v2\/types\/post"}],"author":[{"embeddable":true,"href":"http:\/\/desarrollo.grupomedios.com\/futbol\/wp-json\/wp\/v2\/users\/20"}],"replies":[{"embeddable":true,"href":"http:\/\/desarrollo.grupomedios.com\/futbol\/wp-json\/wp\/v2\/comments?post=482363"}],"version-history":[{"count":1,"href":"http:\/\/desarrollo.grupomedios.com\/futbol\/wp-json\/wp\/v2\/posts\/482363\/revisions"}],"predecessor-version":[{"id":482368,"href":"http:\/\/desarrollo.grupomedios.com\/futbol\/wp-json\/wp\/v2\/posts\/482363\/revisions\/482368"}],"wp:featuredmedia":[{"embeddable":true,"href":"http:\/\/desarrollo.grupomedios.com\/futbol\/wp-json\/wp\/v2\/media\/482364"}],"wp:attachment":[{"href":"http:\/\/desarrollo.grupomedios.com\/futbol\/wp-json\/wp\/v2\/media?parent=482363"}],"wp:term":[{"taxonomy":"category","embeddable":true,"href":"http:\/\/desarrollo.grupomedios.com\/futbol\/wp-json\/wp\/v2\/categories?post=482363"},{"taxonomy":"post_tag","embeddable":true,"href":"http:\/\/desarrollo.grupomedios.com\/futbol\/wp-json\/wp\/v2\/tags?post=482363"}],"curies":[{"name":"wp","href":"https:\/\/api.w.org\/{rel}","templated":true}]}}