{"id":482390,"date":"2017-06-07T17:14:59","date_gmt":"2017-06-07T22:14:59","guid":{"rendered":"https:\/\/www.futboltotal.com.mx\/?p=482390"},"modified":"2017-06-07T17:14:59","modified_gmt":"2017-06-07T22:14:59","slug":"javier-abella-seria-tercer-mexicano-fichar-rangers","status":"publish","type":"post","link":"http:\/\/desarrollo.grupomedios.com\/futbol\/futbol-mexicano\/javier-abella-seria-tercer-mexicano-fichar-rangers\/2017\/06","title":{"rendered":"Javier Abella ser\u00eda el tercer mexicano en fichar por el Rangers"},"content":{"rendered":"<p>El <strong>Glasgow\u00a0Rangers<\/strong> de <a href=\"https:\/\/www.futboltotal.com.mx\/2017\/03\/caixinha-debuto-goleada-en-escocia\/\" target=\"_blank\" rel=\"noopener noreferrer\"><span style=\"color: #333399;\"><strong>Pedro Caixinha<\/strong><\/span><\/a> sigue buscando refuerzos en la Liga MX para encarar la pr\u00f3xima temporada de la <strong>Liga escocesa<\/strong>. Ahora se trata del lateral <strong>Javier Abella<\/strong>, quien actualmente juega con Santos.<\/p>\n<p>De acuerdo a reportes de ESPN, el presidente del cuadro lagunero, <strong>Alejandro Irarragorri<\/strong> acept\u00f3 el inter\u00e9s de <strong>Caixinha<\/strong> por un jugador santista, incluso mencionando &#8220;estamos en negociaciones&#8221;.<\/p>\n<p style=\"text-align: center;\"><a href=\"https:\/\/www.futboltotal.com.mx\/2017\/06\/aviles-hurtado-cambia-a-tijuana-monterrey\/\" target=\"_blank\" rel=\"noopener noreferrer\"><span style=\"color: #333399;\">VER M\u00c1S: Avil\u00e9s Hurtado cambia a Tijuana por Monterrey<\/span><\/a><\/p>\n<p>&#8220;Nos encanta la idea. Hablo con \u00e9l continuamente, s\u00e9 por qu\u00e9 lleva a los otros dos y hay un jugador de <strong>Santos<\/strong> que le interesa y me parece maravilloso&#8221;, dijo el directivo, sin mencionar el nombre del jugador en cuesti\u00f3n.<\/p>\n<p><a href=\"https:\/\/www.futboltotal.com.mx\/2017\/05\/caixinha-quiere-tres-jugadores-la-liga-mx-rangers\/\" target=\"_blank\" rel=\"noopener noreferrer\"><span style=\"color: #333399;\"><strong>Abella<\/strong> comenz\u00f3 a vincularse con el Rangers desde hace\u00a0un mes<\/span><\/a>, aunque en ese momento tambi\u00e9n se mencionaron a otros jugadores de la Liga MX para reforzar al cuadro escoc\u00e9s, el\u00a0argentino Carlos Izquierdoz de Santos y el peruano Ra\u00fal Ruid\u00edaz del Morelia.<\/p>\n<p style=\"text-align: center;\"><a href=\"https:\/\/www.futboltotal.com.mx\/2017\/06\/pachuca-oficializo-la-llegada-edson-puch\/\" target=\"_blank\" rel=\"noopener noreferrer\"><span style=\"color: #333399;\">VER M\u00c1S: Pachuca oficializ\u00f3 la llegada de Edson Puch<\/span><\/a><\/p>\n","protected":false},"excerpt":{"rendered":"<p>En Santos Laguna reconocieron que el Rangers negocia por un jugador suyo.<\/p>\n","protected":false},"author":20,"featured_media":482391,"comment_status":"closed","ping_status":"closed","sticky":false,"template":"","format":"standard","meta":[],"categories":[7740,3839,2198,3845],"tags":[4847,1237,4557,8708,1968,174],"_links":{"self":[{"href":"http:\/\/desarrollo.grupomedios.com\/futbol\/wp-json\/wp\/v2\/posts\/482390"}],"collection":[{"href":"http:\/\/desarrollo.grupomedios.com\/futbol\/wp-json\/wp\/v2\/posts"}],"about":[{"href":"http:\/\/desarrollo.grupomedios.com\/futbol\/wp-json\/wp\/v2\/types\/post"}],"author":[{"embeddable":true,"href":"http:\/\/desarrollo.grupomedios.com\/futbol\/wp-json\/wp\/v2\/users\/20"}],"replies":[{"embeddable":true,"href":"http:\/\/desarrollo.grupomedios.com\/futbol\/wp-json\/wp\/v2\/comments?post=482390"}],"version-history":[{"count":2,"href":"http:\/\/desarrollo.grupomedios.com\/futbol\/wp-json\/wp\/v2\/posts\/482390\/revisions"}],"predecessor-version":[{"id":482395,"href":"http:\/\/desarrollo.grupomedios.com\/futbol\/wp-json\/wp\/v2\/posts\/482390\/revisions\/482395"}],"wp:featuredmedia":[{"embeddable":true,"href":"http:\/\/desarrollo.grupomedios.com\/futbol\/wp-json\/wp\/v2\/media\/482391"}],"wp:attachment":[{"href":"http:\/\/desarrollo.grupomedios.com\/futbol\/wp-json\/wp\/v2\/media?parent=482390"}],"wp:term":[{"taxonomy":"category","embeddable":true,"href":"http:\/\/desarrollo.grupomedios.com\/futbol\/wp-json\/wp\/v2\/categories?post=482390"},{"taxonomy":"post_tag","embeddable":true,"href":"http:\/\/desarrollo.grupomedios.com\/futbol\/wp-json\/wp\/v2\/tags?post=482390"}],"curies":[{"name":"wp","href":"https:\/\/api.w.org\/{rel}","templated":true}]}}