{"id":482476,"date":"2017-06-08T01:25:50","date_gmt":"2017-06-08T06:25:50","guid":{"rendered":"https:\/\/www.futboltotal.com.mx\/?p=482476"},"modified":"2017-06-08T02:29:07","modified_gmt":"2017-06-08T07:29:07","slug":"jaguares-chiapas-deja-existir","status":"publish","type":"post","link":"http:\/\/desarrollo.grupomedios.com\/futbol\/destacado-home\/jaguares-chiapas-deja-existir\/2017\/06","title":{"rendered":"\u00a1Jaguares de Chiapas deja de existir!"},"content":{"rendered":"<p><strong>Jaguares de Chiapas<\/strong> no pudo cubrir los adeudos a sus futbolistas, por lo que la Liga MX tom\u00f3 posesi\u00f3n de la franquicia para liquidar la deuda. A partir de ahora, el equipo desaparece, tras 15 a\u00f1os de historia en el futbol mexicano.<\/p>\n<p>El Ascenso MX tendr\u00e1 entonces 16 competidores, a menos de que haya un cambio durante el Draft de la Divisi\u00f3n de Plata, el cual se desarrollar\u00e1, este jueves 8 de junio. Cabe destacar que <strong>Chiapas<\/strong> no solo dej\u00f3 de existir deportivamente, tambi\u00e9n su dominio de internet qued\u00f3 deshabilitado.<\/p>\n<p style=\"text-align: center;\"><span style=\"color: #3366ff;\"><a style=\"color: #3366ff;\" href=\"https:\/\/www.futboltotal.com.mx\/2017\/06\/puebla-jaguares-manos-atadas-en-draft\/\" target=\"_blank\" rel=\"noopener noreferrer\"><strong>VER M\u00c1S: Por culpa de Chiapas, Puebla no pod\u00eda reforzarse<\/strong><\/a><\/span><\/p>\n<p style=\"text-align: center;\"><a href=\"https:\/\/www.futboltotal.com.mx\/wp-content\/uploads\/2017\/06\/chiapas-dominio-jaguares.jpg\"><img decoding=\"async\" loading=\"lazy\" class=\"size-full wp-image-482478 aligncenter\" src=\"https:\/\/www.futboltotal.com.mx\/wp-content\/uploads\/2017\/06\/chiapas-dominio-jaguares.jpg\" alt=\"\u00a1Jaguares de Chiapas deja de existir! 0\" srcset=\"http:\/\/desarrollo.grupomedios.com\/futbol\/wp-content\/uploads\/2017\/06\/chiapas-dominio-jaguares.jpg 1136w, http:\/\/desarrollo.grupomedios.com\/futbol\/wp-content\/uploads\/2017\/06\/chiapas-dominio-jaguares-300x169.jpg 300w, http:\/\/desarrollo.grupomedios.com\/futbol\/wp-content\/uploads\/2017\/06\/chiapas-dominio-jaguares-768x432.jpg 768w, http:\/\/desarrollo.grupomedios.com\/futbol\/wp-content\/uploads\/2017\/06\/chiapas-dominio-jaguares-1024x576.jpg 1024w, http:\/\/desarrollo.grupomedios.com\/futbol\/wp-content\/uploads\/2017\/06\/chiapas-dominio-jaguares-317x178.jpg 317w, http:\/\/desarrollo.grupomedios.com\/futbol\/wp-content\/uploads\/2017\/06\/chiapas-dominio-jaguares-535x301.jpg 535w, http:\/\/desarrollo.grupomedios.com\/futbol\/wp-content\/uploads\/2017\/06\/chiapas-dominio-jaguares-374x210.jpg 374w\" sizes=\"(max-width: 1136px) 100vw, 1136px\" \/><\/a><\/p>\n<p style=\"text-align: center;\"><strong><span style=\"color: #3366ff;\"><a style=\"color: #3366ff;\" href=\"https:\/\/en-vivo.futboltotal.com.mx\/partido\/en-vivo-draft-transferencias-liga-mx-apertura-2017\/110\/\" target=\"_blank\" rel=\"noopener noreferrer\">VER M\u00c1S: AS\u00cd SE VIVI\u00d3 | Draft de la Liga MX | Rumbo al Apertura 2017<\/a><\/span><\/strong><\/p>\n<blockquote class=\"twitter-video\" data-lang=\"es\">\n<p dir=\"ltr\" lang=\"es\">Carlos L\u00f3pez Dom\u00ednguez explic\u00f3 el tema por el que atraviesa <a href=\"https:\/\/twitter.com\/Chiapas_FC\">@Chiapas_FC<\/a> y su desafiliaci\u00f3n. <a href=\"https:\/\/twitter.com\/hashtag\/Draft2017?src=hash\">#Draft2017<\/a> <a href=\"https:\/\/t.co\/gul6K52AjH\">pic.twitter.com\/gul6K52AjH<\/a><\/p>\n<p>\u2014 PressPort (@PressPortmx) <a href=\"https:\/\/twitter.com\/PressPortmx\/status\/872708530628947968\">8 de junio de 2017<\/a><\/p><\/blockquote>\n<p><script async src=\"\/\/platform.twitter.com\/widgets.js\" charset=\"utf-8\"><\/script><\/p>\n<blockquote class=\"twitter-tweet\" data-lang=\"es\">\n<p dir=\"ltr\" lang=\"es\">&#8220;Jaguares no participar\u00e1 en la temporada 2017-2018, los adeudos ser\u00e1n cubiertos en tiempo y forma de acuerdo al reglamento&#8221;.<\/p>\n<p>\u2014 LIGA Bancomer MX (@LIGABancomerMX) <a href=\"https:\/\/twitter.com\/LIGABancomerMX\/status\/872716057634590720\">8 de junio de 2017<\/a><\/p><\/blockquote>\n<p><script async src=\"\/\/platform.twitter.com\/widgets.js\" charset=\"utf-8\"><\/script><\/p>\n<blockquote class=\"twitter-tweet\" data-lang=\"es\">\n<p dir=\"ltr\" lang=\"es\">EB: &#8220;Se intentar\u00e1 que todos los jugadores del Club Chiapas puedan ser colocados el d\u00eda de hoy en el R\u00e9gimen del ASCENSO Bancomer MX&#8221;.<\/p>\n<p>\u2014 LIGA Bancomer MX (@LIGABancomerMX) <a href=\"https:\/\/twitter.com\/LIGABancomerMX\/status\/872716395196407808\">8 de junio de 2017<\/a><\/p><\/blockquote>\n<p><script async src=\"\/\/platform.twitter.com\/widgets.js\" charset=\"utf-8\"><\/script><\/p>\n","protected":false},"excerpt":{"rendered":"<p>Luego del descenso, el equipo no cubre adeudos y es desafiliado.<\/p>\n","protected":false},"author":20,"featured_media":482477,"comment_status":"closed","ping_status":"closed","sticky":false,"template":"","format":"standard","meta":[],"categories":[5,2198,3845],"tags":[5964],"_links":{"self":[{"href":"http:\/\/desarrollo.grupomedios.com\/futbol\/wp-json\/wp\/v2\/posts\/482476"}],"collection":[{"href":"http:\/\/desarrollo.grupomedios.com\/futbol\/wp-json\/wp\/v2\/posts"}],"about":[{"href":"http:\/\/desarrollo.grupomedios.com\/futbol\/wp-json\/wp\/v2\/types\/post"}],"author":[{"embeddable":true,"href":"http:\/\/desarrollo.grupomedios.com\/futbol\/wp-json\/wp\/v2\/users\/20"}],"replies":[{"embeddable":true,"href":"http:\/\/desarrollo.grupomedios.com\/futbol\/wp-json\/wp\/v2\/comments?post=482476"}],"version-history":[{"count":4,"href":"http:\/\/desarrollo.grupomedios.com\/futbol\/wp-json\/wp\/v2\/posts\/482476\/revisions"}],"predecessor-version":[{"id":482482,"href":"http:\/\/desarrollo.grupomedios.com\/futbol\/wp-json\/wp\/v2\/posts\/482476\/revisions\/482482"}],"wp:featuredmedia":[{"embeddable":true,"href":"http:\/\/desarrollo.grupomedios.com\/futbol\/wp-json\/wp\/v2\/media\/482477"}],"wp:attachment":[{"href":"http:\/\/desarrollo.grupomedios.com\/futbol\/wp-json\/wp\/v2\/media?parent=482476"}],"wp:term":[{"taxonomy":"category","embeddable":true,"href":"http:\/\/desarrollo.grupomedios.com\/futbol\/wp-json\/wp\/v2\/categories?post=482476"},{"taxonomy":"post_tag","embeddable":true,"href":"http:\/\/desarrollo.grupomedios.com\/futbol\/wp-json\/wp\/v2\/tags?post=482476"}],"curies":[{"name":"wp","href":"https:\/\/api.w.org\/{rel}","templated":true}]}}