{"id":482484,"date":"2017-06-08T19:00:02","date_gmt":"2017-06-09T00:00:02","guid":{"rendered":"https:\/\/www.futboltotal.com.mx\/?p=482484"},"modified":"2017-06-08T23:59:13","modified_gmt":"2017-06-09T04:59:13","slug":"los-mejores-peores-fichajes-del-draft-la-liga-mx","status":"publish","type":"post","link":"http:\/\/desarrollo.grupomedios.com\/futbol\/destacado-home\/los-mejores-peores-fichajes-del-draft-la-liga-mx\/2017\/06","title":{"rendered":"\u00a1Los mejores y peores fichajes del Draft!"},"content":{"rendered":"<p>El r\u00e9gimen de transferencias de la Liga MX se celebr\u00f3 con pocas transacciones sorpresa, debido a que hubo muchos rumores que resultaron ser ciertos y solo fueron ratificados, durante el <strong>Draft<\/strong>. Hubo otros que al final de cuentas no se pudieron dar, por lo que dejaron decepcionada a la afici\u00f3n. Es por eso que en <strong>Futbol Total<\/strong>, hacemos un recuento de los mejores y peores fichajes rumbo al Apertura 2017.<\/p>\n<p><span style=\"color: #ff0000;\"><strong>Mejores fichajes<\/strong><\/span><\/p>\n<p><strong>Avil\u00e9s Hurtado<\/strong> sin duda es una de las mejores contrataciones del <strong>Draft<\/strong>, que le podr\u00eda dar un gran aporte cualitativo al conjunto de <em>Rayados<\/em>. Aunque la adaptaci\u00f3n con <strong>Jorge Ben\u00edtez<\/strong>, eso lo determinar\u00e1 si el rumbo del Monterrey ser\u00e1 bueno o malo.<\/p>\n<p><strong>Edson Puch<\/strong> fue fichado por <strong>Pachuca<\/strong>, como se hab\u00eda especulado, para confirmar ser una de las bombas que explot\u00f3. El chileno tendr\u00e1 la oportunidad de participar junto con los <em>Tuzos<\/em> en el Mundial de Clubes, en busca de una memorable participaci\u00f3n.<\/p>\n<p><strong>Guido Rodr\u00edguez<\/strong> finalmente se qued\u00f3 en <strong>Am\u00e9rica<\/strong>, tal y como hab\u00eda anticipado <strong>Miguel Herrera<\/strong>, para confirmar el \u00fanico fichaje serio que hicieron las <em>\u00c1guilas<\/em> durante el <strong>Draft.<\/strong><\/p>\n<p style=\"text-align: center;\"><span style=\"color: #3366ff;\"><a style=\"color: #3366ff;\" href=\"https:\/\/en-vivo.futboltotal.com.mx\/partido\/en-vivo-draft-transferencias-liga-mx-apertura-2017\/110\/\" target=\"_blank\" rel=\"noopener noreferrer\"><strong>VER M\u00c1S: AS\u00cd SE VIVI\u00d3 | Regimen de transferencias de la Liga MX<\/strong><\/a><\/span><\/p>\n<p><strong>Edwin Cardona<\/strong> seguir\u00e1 jugando con uniforme albiceleste, pero esta vez, bajo las \u00f3rdenes de Diego Alonso, y con el objetivo de hacer un semestre de ensue\u00f1o con <strong>Pachuca<\/strong>.<\/p>\n<p><strong>N\u00e9stor Calder\u00f3n<\/strong> caus\u00f3 sorpresa en el cierre del r\u00e9gimen de transferencias, pues nadie creer\u00eda que despu\u00e9s de regresar a <strong>Santos<\/strong>, ser\u00eda vendido o prestado a alg\u00fan otro club, que fue lo que sucedi\u00f3, al ser intercambiado por <strong>Javier Cort\u00e9s<\/strong> y as\u00ed llegar a <strong>Pumas<\/strong>.<\/p>\n<p><strong>Joffre Guerr\u00f3n<\/strong> y <strong>Mauro Formica<\/strong> no dejaron M\u00e9xico como les hubiera gustado, pero ahora tienen la oportunidad de revancha, con un cuadro que necesita convencer a su p\u00fablico.<\/p>\n<p style=\"text-align: center;\"><span style=\"color: #3366ff;\"><a style=\"color: #3366ff;\" href=\"https:\/\/www.futboltotal.com.mx\/2017\/06\/jaguares-chiapas-deja-existir\/\" target=\"_blank\" rel=\"noopener noreferrer\"><strong>VER M\u00c1S: Chiapas es desafiliado del futbol mexicano<\/strong><\/a><\/span><\/p>\n<p><span style=\"color: #ff0000;\"><strong>Peores fichajes<\/strong><\/span><\/p>\n<p>Am\u00e9rica no supo qu\u00e9 hacer, luego de haber conseguido a <strong>Guido Rodr\u00edguez<\/strong>, as\u00ed que presa del p\u00e1nico se hizo de dos jugadores j\u00f3venes para enriquecer sus filas, <strong>Carlos Vargas<\/strong> y <strong>Carlos Orrantia<\/strong>. Ambos futbolistas ser\u00e1n juzgados desde su llegada, sobre todo el segundo, que no ha logrado dar el estir\u00f3n en su carrera.<\/p>\n<p>Santos imit\u00f3 al Am\u00e9rica, al hacerse de <strong>Brian Lozano<\/strong>, jugador uruguayo que ha tenido muy poca participaci\u00f3n en sus clubes; lo que no le da las suficientes credenciales como para nutrir cualitativamente al equipo.<\/p>\n<p><strong>Sergio P\u00e9rez,<\/strong> el <em>Cherokee<\/em>, ser\u00e1 revivido por <strong>Lobos BUAP<\/strong>, quien lo saca del exilio del Ascenso para esperar que logre dar un \u00faltimo estir\u00f3n, aunque eso es lo que han esperado de \u00e9l sus \u00faltimos equipos.<\/p>\n<p style=\"text-align: center;\"><span style=\"color: #3366ff;\"><a style=\"color: #3366ff;\" href=\"https:\/\/www.futboltotal.com.mx\/2017\/06\/confirman-llegada-moises-munoz-a-puebla\/\" target=\"_blank\" rel=\"noopener noreferrer\"><strong>VER M\u00c1S: Mois\u00e9s Mu\u00f1oz llega al Puebla<\/strong><\/a><\/span><\/p>\n<p>Necaxa sorprendi\u00f3 con una lista de varios refuerzos, pero lo que llama la atenci\u00f3n son la cantidad de j\u00f3venes pues todos son de bajo perfil como Othoniel Arce y Roberto Alvarado. Con respecto a los fichajes que hicieron los <em>Rayos<\/em> en su primer a\u00f1o de regreso en Primera Divisi\u00f3n, esta participaci\u00f3n en el Draft qued\u00f3 a deber.<\/p>\n<p>Toluca decidi\u00f3 rescatar a <strong>Mateus Goncalves<\/strong>, quien fue separado de Chiapas, en la recta final del Clausura 2017, por problemas de indisciplina. Para la afici\u00f3n, el fichaje, proveniente del Atl\u00e9tico Zacatepec, no es el refuerzo que esperaban.<\/p>\n<p><strong><span style=\"color: #ff0000;\">El Ascenso<\/span><\/strong><\/p>\n<p>En el r\u00e9gimen de transferencias de la <em>Divisi\u00f3n de Plata<\/em> hubo negociaciones sorprendentes, pues hay algunos jugadores a los que se les ha dado una segunda oportunidad, especialmente, a los provenientes del <em>M\u00e1ximo Circuito<\/em>, como <strong>Javier Orozco<\/strong> que jugar\u00e1 ahora en Tampico Madero; <strong>Alejandro Palacios<\/strong> que militar\u00e1 en Atl\u00e9tico de San Luis, de igual forma que Alejandro Castro; Christian Berm\u00fadez, que estar\u00e1 en Cafetaleros de Tapachula, y <strong>\u00c1ngel Reyna<\/strong> que regresa al Celaya.<\/p>\n<p>Adem\u00e1s, <strong>Armando Navarrete<\/strong> fich\u00f3 con Venados, para sumar su quinto equipo en el Ascenso y as\u00ed seguir vigente en dicha Divisi\u00f3n. Tambi\u00e9n sorprendi\u00f3 lo que hizo Murci\u00e9lagos FC, que renov\u00f3 el contrato de <strong>Ezequiel Orozco<\/strong>, para darle apoyo financiero, en su lucha contra el c\u00e1ncer pulmonar.<\/p>\n","protected":false},"excerpt":{"rendered":"<p>Estos fueron los movimientos del r\u00e9gimen, que sorprendieron o decepcionaron.<\/p>\n","protected":false},"author":20,"featured_media":482485,"comment_status":"closed","ping_status":"closed","sticky":false,"template":"","format":"standard","meta":[],"categories":[5,7740,2198,3845],"tags":[8357,3749,8551,64],"_links":{"self":[{"href":"http:\/\/desarrollo.grupomedios.com\/futbol\/wp-json\/wp\/v2\/posts\/482484"}],"collection":[{"href":"http:\/\/desarrollo.grupomedios.com\/futbol\/wp-json\/wp\/v2\/posts"}],"about":[{"href":"http:\/\/desarrollo.grupomedios.com\/futbol\/wp-json\/wp\/v2\/types\/post"}],"author":[{"embeddable":true,"href":"http:\/\/desarrollo.grupomedios.com\/futbol\/wp-json\/wp\/v2\/users\/20"}],"replies":[{"embeddable":true,"href":"http:\/\/desarrollo.grupomedios.com\/futbol\/wp-json\/wp\/v2\/comments?post=482484"}],"version-history":[{"count":7,"href":"http:\/\/desarrollo.grupomedios.com\/futbol\/wp-json\/wp\/v2\/posts\/482484\/revisions"}],"predecessor-version":[{"id":482633,"href":"http:\/\/desarrollo.grupomedios.com\/futbol\/wp-json\/wp\/v2\/posts\/482484\/revisions\/482633"}],"wp:featuredmedia":[{"embeddable":true,"href":"http:\/\/desarrollo.grupomedios.com\/futbol\/wp-json\/wp\/v2\/media\/482485"}],"wp:attachment":[{"href":"http:\/\/desarrollo.grupomedios.com\/futbol\/wp-json\/wp\/v2\/media?parent=482484"}],"wp:term":[{"taxonomy":"category","embeddable":true,"href":"http:\/\/desarrollo.grupomedios.com\/futbol\/wp-json\/wp\/v2\/categories?post=482484"},{"taxonomy":"post_tag","embeddable":true,"href":"http:\/\/desarrollo.grupomedios.com\/futbol\/wp-json\/wp\/v2\/tags?post=482484"}],"curies":[{"name":"wp","href":"https:\/\/api.w.org\/{rel}","templated":true}]}}