{"id":482509,"date":"2017-06-08T13:08:12","date_gmt":"2017-06-08T18:08:12","guid":{"rendered":"https:\/\/www.futboltotal.com.mx\/?p=482509"},"modified":"2017-06-08T13:08:12","modified_gmt":"2017-06-08T18:08:12","slug":"mino-raiola-dijo-que-balotelli-jugara-en-el-dortmund","status":"publish","type":"post","link":"http:\/\/desarrollo.grupomedios.com\/futbol\/futbol-internacional\/mino-raiola-dijo-que-balotelli-jugara-en-el-dortmund\/2017\/06","title":{"rendered":"Mino Raiola asegur\u00f3 que Balotelli jugar\u00e1 en el Dortmund la pr\u00f3xima campa\u00f1a"},"content":{"rendered":"<p><span style=\"color: #333399;\"><a style=\"color: #333399;\" href=\"https:\/\/www.futboltotal.com.mx\/2017\/02\/agente-mario-balotelli-propone-cortarle-la-lengua\/\" target=\"_blank\" rel=\"noopener noreferrer\"><strong>Mino Raiola<\/strong><\/a><\/span>, agente del siempre pol\u00e9mico y controvertido jugador italiano, <strong>Mario Balotelli<\/strong>, afirm\u00f3 que el a\u00fan jugador del <strong>Niza<\/strong> de la <strong>Ligue 1<\/strong> jugar\u00e1 la pr\u00f3xima temporada con el <strong>Borussia Dortmund<\/strong> de la <strong>Bundesliga<\/strong>, ante la posible salida del delantero gabon\u00e9s <strong>Pierre-Emerick Aubameyang<\/strong>, quien se incorporar\u00eda al <strong>Paris Saint Germain <\/strong>por la nada despreciable cantidad de 70 millones de euros.<\/p>\n<p><strong>Raiola<\/strong> fue visto en las oficinas del conjunto teut\u00f3n, donde al ser cuestionado por el diario <strong>Bild<\/strong> sobre la llegada del <em>Nene<\/em> al conjunto negro y amarillo respondi\u00f3: &#8220;S\u00ed, Balotelli jugar\u00e1 en el Dortmund&#8221;. El delantero italiano finaliza contrato con el <strong>Niza<\/strong> el pr\u00f3ximo 30 de junio, por lo que tendr\u00e1 que buscar nuevos horizontes luego de que el conjunto franc\u00e9s decidiera no ejecutar la cl\u00e1usula de renovaci\u00f3n de contrato por una temporada m\u00e1s.<\/p>\n<p>Durante su paso por el\u00a0cuadro galo, <em>El loco<\/em> consigui\u00f3 marcar 17 goles en 28 encuentros. En un principio se especul\u00f3 que <strong>Balotelli<\/strong> podr\u00eda llegar al <strong>PSG<\/strong> o <strong>Milan<\/strong>, sin embargo, todo parece indicar que el futuro <em>S\u00faper Mario<\/em> estar\u00eda en la <strong>Bundesliga<\/strong>.<\/p>\n<p style=\"text-align: center;\"><span style=\"color: #333399;\"><a style=\"color: #333399;\" href=\"https:\/\/www.futboltotal.com.mx\/2017\/06\/diego-costa-revela-seguira-en-chelsea\/\" target=\"_blank\" rel=\"noopener noreferrer\">VER M\u00c1S:\u00a0Diego Costa revela que no seguir\u00e1 en el Chelsea<\/a><\/span><\/p>\n<p>&nbsp;<\/p>\n","protected":false},"excerpt":{"rendered":"<p>Mario Balotelli podr\u00eda jugar la pr\u00f3xima temporada con el Borussia Dortmund, as\u00ed lo dio a conocer su representate Mino Raiola.<\/p>\n","protected":false},"author":20,"featured_media":482518,"comment_status":"closed","ping_status":"closed","sticky":false,"template":"","format":"standard","meta":[],"categories":[3839],"tags":[8714,2102,6047,119,2920,6002,5017,5165,8713],"_links":{"self":[{"href":"http:\/\/desarrollo.grupomedios.com\/futbol\/wp-json\/wp\/v2\/posts\/482509"}],"collection":[{"href":"http:\/\/desarrollo.grupomedios.com\/futbol\/wp-json\/wp\/v2\/posts"}],"about":[{"href":"http:\/\/desarrollo.grupomedios.com\/futbol\/wp-json\/wp\/v2\/types\/post"}],"author":[{"embeddable":true,"href":"http:\/\/desarrollo.grupomedios.com\/futbol\/wp-json\/wp\/v2\/users\/20"}],"replies":[{"embeddable":true,"href":"http:\/\/desarrollo.grupomedios.com\/futbol\/wp-json\/wp\/v2\/comments?post=482509"}],"version-history":[{"count":1,"href":"http:\/\/desarrollo.grupomedios.com\/futbol\/wp-json\/wp\/v2\/posts\/482509\/revisions"}],"predecessor-version":[{"id":482519,"href":"http:\/\/desarrollo.grupomedios.com\/futbol\/wp-json\/wp\/v2\/posts\/482509\/revisions\/482519"}],"wp:featuredmedia":[{"embeddable":true,"href":"http:\/\/desarrollo.grupomedios.com\/futbol\/wp-json\/wp\/v2\/media\/482518"}],"wp:attachment":[{"href":"http:\/\/desarrollo.grupomedios.com\/futbol\/wp-json\/wp\/v2\/media?parent=482509"}],"wp:term":[{"taxonomy":"category","embeddable":true,"href":"http:\/\/desarrollo.grupomedios.com\/futbol\/wp-json\/wp\/v2\/categories?post=482509"},{"taxonomy":"post_tag","embeddable":true,"href":"http:\/\/desarrollo.grupomedios.com\/futbol\/wp-json\/wp\/v2\/tags?post=482509"}],"curies":[{"name":"wp","href":"https:\/\/api.w.org\/{rel}","templated":true}]}}