{"id":482520,"date":"2017-06-08T14:25:58","date_gmt":"2017-06-08T19:25:58","guid":{"rendered":"https:\/\/www.futboltotal.com.mx\/?p=482520"},"modified":"2017-06-08T14:40:35","modified_gmt":"2017-06-08T19:40:35","slug":"angelo-sagal-cerca-de-fichar-con-pachuca","status":"publish","type":"post","link":"http:\/\/desarrollo.grupomedios.com\/futbol\/futbol-de-estufa\/angelo-sagal-cerca-de-fichar-con-pachuca\/2017\/06","title":{"rendered":"\u00c1ngelo Sagal podr\u00eda vestirse de Tuzo para el Apertura 2017"},"content":{"rendered":"<p><em>Los Tuzos<\/em> del <strong>Pachuca<\/strong> siguen arm\u00e1ndose en todas sus l\u00edneas para afrontar el <strong>Apertura 2017<\/strong> y el <strong>Mundial de Clubes<\/strong>, raz\u00f3n por la cual contin\u00faan en la b\u00fasqueda de jugadores. De acuerdo con AS M\u00e9xico, el cuadro de la <em>Bella Airosa<\/em> tendr\u00eda muy avanzadas las negociaciones con el extremo chileno <strong>\u00c1ngelo Sagal<\/strong>, quien pertenece al <strong>Huachipato<\/strong> de la <strong>Primera Divisi\u00f3n de Chile<\/strong>.<\/p>\n<p><strong>Sergio Gioino<\/strong>, representante del jugador andino, se dio cita en <strong>Canc\u00fan, Quintana Roo<\/strong> en <em>La Semana del Futbol<\/em> para ofrecer a varios de sus representados a los diversos clubes de la <strong>Liga MX<\/strong>, aunque \u00e9l mismo asegur\u00f3 que\u00a0&#8220;todo depender\u00e1 de c\u00f3mo se muevan los fichajes entre mexicanos para ver qu\u00e9 espacios queda por reforzar en algunos equipos&#8221;.<\/p>\n<p style=\"text-align: center;\"><span style=\"color: #333399;\"><a style=\"color: #333399;\" href=\"https:\/\/www.futboltotal.com.mx\/2017\/06\/pachuca-rechazo-millonaria-oferta-chivas-chucky-lozano\/\" target=\"_blank\" rel=\"noopener noreferrer\">VER M\u00c1S: Pachuca rechaz\u00f3 millonaria oferta de Chivas por el Chucky Lozano<\/a><\/span><\/p>\n<p>El jugador chileno de 24 a\u00f1os de edad estar\u00eda a nada de convertirse <em>Tuzo<\/em> y as\u00ed unirse a su compatriota <span style=\"color: #333399;\"><a style=\"color: #333399;\" href=\"https:\/\/www.futboltotal.com.mx\/2017\/06\/pachuca-oficializo-la-llegada-edson-puch\/\" target=\"_blank\" rel=\"noopener noreferrer\"><strong>Edson Puch<\/strong><\/a><\/span>, quien recientemente fue adquirido por la escuadra propiedad de <strong>Jes\u00fas Mart\u00ednez<\/strong> en el r\u00e9gimen de transferencias. De acuerdo con fuentes cercanas a las negociaci\u00f3n, ya habr\u00eda un acuerdo entre el representante del jugador, <strong>Pachuca<\/strong> y <strong>Huachipato<\/strong> para que el andino llegu\u00e9 al cuadro dirigido por <span style=\"color: #333399;\"><a style=\"color: #333399;\" href=\"https:\/\/www.futboltotal.com.mx\/2017\/05\/diego-alonso-renueva-contrato-pachuca\/\" target=\"_blank\" rel=\"noopener noreferrer\"><strong>Diego Alonso<\/strong><\/a><\/span>, transacci\u00f3n\u00a0que rondar\u00eda los 4 millones de d\u00f3lares. \u00danicamente faltar\u00eda que el futbolista oriundo de <strong>Talca<\/strong> de el s\u00ed.<\/p>\n<p>Sagal es un jugador vers\u00e1til que no s\u00f3lo se desempe\u00f1a como extremo sino que tambi\u00e9n puede hacer las funciones de un centro delantero, raz\u00f3n por la cual el t\u00e9cnico del <strong>Pachuca<\/strong> tendr\u00eda inter\u00e9s en incorporarlo al jugador, quien recientemente fue convocado por el t\u00e9cnico <strong>Juan Antonio Pizzi<\/strong> a la <strong>Selecci\u00f3n de Chile<\/strong> que participar\u00e1 en la<span style=\"color: #333399;\"><a style=\"color: #333399;\" href=\"https:\/\/www.futboltotal.com.mx\/2017\/06\/fifa-se-adelanto-al-tri-revelo-lista-copa-confederaciones\/\" target=\"_blank\" rel=\"noopener noreferrer\"> <strong>Copa Confederaciones Rusia 2017.<\/strong><\/a><\/span><\/p>\n<p>La posible llegada de <strong>Sagal<\/strong> al <strong>Club Pachuca<\/strong> cobra fuerza luego de que <strong>Edwin Cardona<\/strong>, jugador colombiano reci\u00e9n adquirido por los <em>Tuzos<\/em> en el <span style=\"color: #333399;\"><a style=\"color: #333399;\" href=\"https:\/\/www.futboltotal.com.mx\/2017\/06\/sigue-en-vivo-draft-transferencias-liga-mx-apertura-2017\/\" target=\"_blank\" rel=\"noopener noreferrer\"><strong>Draft<\/strong><\/a>,<\/span> asegurara que entre sus planes no est\u00e1 jugar con los de la <em>Bella Airosa<\/em>.<\/p>\n<p style=\"text-align: center;\"><a href=\"https:\/\/www.futboltotal.com.mx\/2017\/06\/edwin-cardona-asegura-esta-en-sus-planes-ir-a-pachuca\/\" target=\"_blank\" rel=\"noopener noreferrer\">VER M\u00c1S: Cardona asegura que no est\u00e1 en sus planes ir a Pachuca<\/a><\/p>\n","protected":false},"excerpt":{"rendered":"<p>El jugador chileno \u00c1ngelo Sagal podr\u00eda convertirse en nuevo refuerzo de Pachuca, tras la negativa de Cardona.<\/p>\n","protected":false},"author":20,"featured_media":482533,"comment_status":"closed","ping_status":"closed","sticky":false,"template":"","format":"standard","meta":[],"categories":[7740],"tags":[8715,8357,8718,1580,8589,6133,8716,4814,415,5968,8719,8717,73],"_links":{"self":[{"href":"http:\/\/desarrollo.grupomedios.com\/futbol\/wp-json\/wp\/v2\/posts\/482520"}],"collection":[{"href":"http:\/\/desarrollo.grupomedios.com\/futbol\/wp-json\/wp\/v2\/posts"}],"about":[{"href":"http:\/\/desarrollo.grupomedios.com\/futbol\/wp-json\/wp\/v2\/types\/post"}],"author":[{"embeddable":true,"href":"http:\/\/desarrollo.grupomedios.com\/futbol\/wp-json\/wp\/v2\/users\/20"}],"replies":[{"embeddable":true,"href":"http:\/\/desarrollo.grupomedios.com\/futbol\/wp-json\/wp\/v2\/comments?post=482520"}],"version-history":[{"count":1,"href":"http:\/\/desarrollo.grupomedios.com\/futbol\/wp-json\/wp\/v2\/posts\/482520\/revisions"}],"predecessor-version":[{"id":482527,"href":"http:\/\/desarrollo.grupomedios.com\/futbol\/wp-json\/wp\/v2\/posts\/482520\/revisions\/482527"}],"wp:featuredmedia":[{"embeddable":true,"href":"http:\/\/desarrollo.grupomedios.com\/futbol\/wp-json\/wp\/v2\/media\/482533"}],"wp:attachment":[{"href":"http:\/\/desarrollo.grupomedios.com\/futbol\/wp-json\/wp\/v2\/media?parent=482520"}],"wp:term":[{"taxonomy":"category","embeddable":true,"href":"http:\/\/desarrollo.grupomedios.com\/futbol\/wp-json\/wp\/v2\/categories?post=482520"},{"taxonomy":"post_tag","embeddable":true,"href":"http:\/\/desarrollo.grupomedios.com\/futbol\/wp-json\/wp\/v2\/tags?post=482520"}],"curies":[{"name":"wp","href":"https:\/\/api.w.org\/{rel}","templated":true}]}}