{"id":482537,"date":"2017-06-08T15:27:37","date_gmt":"2017-06-08T20:27:37","guid":{"rendered":"https:\/\/www.futboltotal.com.mx\/?p=482537"},"modified":"2017-06-08T15:27:37","modified_gmt":"2017-06-08T20:27:37","slug":"tecnico-venezuela-pide-al-presidente-pare-las-armas-en-pais","status":"publish","type":"post","link":"http:\/\/desarrollo.grupomedios.com\/futbol\/futbol-internacional\/tecnico-venezuela-pide-al-presidente-pare-las-armas-en-pais\/2017\/06","title":{"rendered":"T\u00e9cnico de Venezuela pide al Presidente que &#8220;pare las armas&#8221; en su pa\u00eds"},"content":{"rendered":"<p>El seleccionador de la <em>Vinotinto<\/em> Sub&#8217;20, <strong>Rafael Dudamel<\/strong>, pidi\u00f3 hoy que &#8220;paren ya las armas&#8221; en Venezuela, sacudida por una oleada de protestas desde hace m\u00e1s de dos meses que se han saldado con al menos 67 muertos y cerca de un millar de heridos.<\/p>\n<p>&#8220;Por favor, paren ya las armas. Hoy, la alegr\u00eda nos la ha dado un chico de 17 a\u00f1os, y ayer muri\u00f3 uno de 17 a\u00f1os. Presidente (Nicol\u00e1s Maduro), paremos ya las armas&#8221;, dijo Dudamel a la prensa luego del <span style=\"color: #3366ff;\"><a style=\"color: #3366ff;\" href=\"https:\/\/www.futboltotal.com.mx\/2017\/06\/venezuela-historia-se-metio-a-la-final-del-mundial-sub-20\/\" target=\"_blank\" rel=\"noopener noreferrer\">triunfo de Venezuela ante Uruguay que le vali\u00f3 a su equipo el pase a la final del Mundial Sub-20<\/a><\/span> que se disputa en Corea del Sur.<\/p>\n<p>El exportero hizo referencia en sus declaraciones a los j\u00f3venes de 17 a\u00f1os Samuel Sosa, que hoy marc\u00f3 un gol ante Uruguay, y Neomar Lander, quien muri\u00f3 ayer durante protestas antigubernamentales en Caracas.<\/p>\n<p style=\"text-align: center;\"><span style=\"color: #3366ff;\"><a style=\"color: #3366ff;\" href=\"https:\/\/www.futboltotal.com.mx\/2017\/06\/nuevo-escudo-chivas-apertura-2017\/\">VER M\u00c1S: \u00a1El nuevo escudo de Chivas para el Apertura 2017!<\/a><\/span><\/p>\n<p>https:\/\/twitter.com\/MayraAlejaimes\/status\/872910445837004800<\/p>\n<p>Las manifestaciones en contra y a favor del Gobierno venezolano se iniciaron hace 69 d\u00edas y arreciaron cuando Maduro anunci\u00f3 el pasado 1 de mayo que promover\u00eda un proceso Constituyente para &#8220;cambiar todo lo que deba ser cambiado&#8221; en la Constituci\u00f3n de la naci\u00f3n caribe\u00f1a.<\/p>\n<p>&#8220;Esos chicos que salen a la calle lo \u00fanico que quieren es una Venezuela mejor, la que r\u00eda y la que sonr\u00eda, y la que disfrute de la vida en territorio venezolano, como lo quieren esos muchachos de la Vinotinto&#8221;, a\u00f1adi\u00f3 Dudamel.<\/p>\n<p>Las protestas que sacuden Venezuela desde el pasado 1 de abril han dejado un saldo de 67 muertos y cerca de un millar de heridos.<\/p>\n<p>El Gobierno y la oposici\u00f3n se responsabilizan mutuamente de la violencia desatada durante las manifestaciones. EFE<\/p>\n<p style=\"text-align: center;\"><span style=\"color: #3366ff;\"><a style=\"color: #3366ff;\" href=\"https:\/\/www.futboltotal.com.mx\/2017\/06\/venezuela-historia-se-metio-a-la-final-del-mundial-sub-20\/\">VER M\u00c1S: \u00a1Venezuela hizo historia y se meti\u00f3 a la Final del Mundial Sub-20!<\/a><\/span><\/p>\n","protected":false},"excerpt":{"rendered":"<p>&#8220;paren ya las armas&#8221; en Venezuela, sacudida por una oleada de protestas desde hace m\u00e1s de dos meses que se han saldado con al menos 67 muertos <\/p>\n","protected":false},"author":129,"featured_media":482035,"comment_status":"closed","ping_status":"closed","sticky":false,"template":"","format":"standard","meta":[],"categories":[3839],"tags":[6214,185,633],"_links":{"self":[{"href":"http:\/\/desarrollo.grupomedios.com\/futbol\/wp-json\/wp\/v2\/posts\/482537"}],"collection":[{"href":"http:\/\/desarrollo.grupomedios.com\/futbol\/wp-json\/wp\/v2\/posts"}],"about":[{"href":"http:\/\/desarrollo.grupomedios.com\/futbol\/wp-json\/wp\/v2\/types\/post"}],"author":[{"embeddable":true,"href":"http:\/\/desarrollo.grupomedios.com\/futbol\/wp-json\/wp\/v2\/users\/129"}],"replies":[{"embeddable":true,"href":"http:\/\/desarrollo.grupomedios.com\/futbol\/wp-json\/wp\/v2\/comments?post=482537"}],"version-history":[{"count":1,"href":"http:\/\/desarrollo.grupomedios.com\/futbol\/wp-json\/wp\/v2\/posts\/482537\/revisions"}],"predecessor-version":[{"id":482545,"href":"http:\/\/desarrollo.grupomedios.com\/futbol\/wp-json\/wp\/v2\/posts\/482537\/revisions\/482545"}],"wp:featuredmedia":[{"embeddable":true,"href":"http:\/\/desarrollo.grupomedios.com\/futbol\/wp-json\/wp\/v2\/media\/482035"}],"wp:attachment":[{"href":"http:\/\/desarrollo.grupomedios.com\/futbol\/wp-json\/wp\/v2\/media?parent=482537"}],"wp:term":[{"taxonomy":"category","embeddable":true,"href":"http:\/\/desarrollo.grupomedios.com\/futbol\/wp-json\/wp\/v2\/categories?post=482537"},{"taxonomy":"post_tag","embeddable":true,"href":"http:\/\/desarrollo.grupomedios.com\/futbol\/wp-json\/wp\/v2\/tags?post=482537"}],"curies":[{"name":"wp","href":"https:\/\/api.w.org\/{rel}","templated":true}]}}