{"id":482547,"date":"2017-06-08T15:41:57","date_gmt":"2017-06-08T20:41:57","guid":{"rendered":"https:\/\/www.futboltotal.com.mx\/?p=482547"},"modified":"2017-06-08T15:41:57","modified_gmt":"2017-06-08T20:41:57","slug":"oficial-angel-reyna-regresa-al-celaya","status":"publish","type":"post","link":"http:\/\/desarrollo.grupomedios.com\/futbol\/futbol-mexicano\/oficial-angel-reyna-regresa-al-celaya\/2017\/06","title":{"rendered":"OFICIAL: \u00c1ngel Reyna regresa al Celaya"},"content":{"rendered":"<p>Durante el r\u00e9gimen de transferencias del Ascenso MX, el<strong> Celaya<\/strong> dio a conocer a una de sus primeras incorporaciones de cara al Apertura 2017; se trata del volante mexicano, <strong>\u00c1ngel Reyna<\/strong>, quien jug\u00f3 con ellos en 2016.<\/p>\n<p><strong>\u00c1ngel Reyna<\/strong> tuvo una buena etapa en<strong> Celaya<\/strong>, equipo que lo rescat\u00f3, al ya no ser considerado en Chivas, por Mat\u00edas Almeyda. El <em>Pleititos<\/em> jug\u00f3 durante el Apertura 2016 con los <em>Toros<\/em> y fue uno de los jugadores m\u00e1s sobresalientes del club, impuls\u00e1ndolos incluso, a ser l\u00edderes generales, aunque en Liguilla, fueron eliminados por Atlante.<\/p>\n<p style=\"text-align: center;\"><span style=\"color: #3366ff;\"><a style=\"color: #3366ff;\" href=\"https:\/\/www.futboltotal.com.mx\/2017\/06\/pikolin-palacios-encontro-equipo-en-ascenso-mx\/\"><strong>VER M\u00c1S: Alejandro Pikol\u00edn Palacios encuentra equipo en el Ascenso<\/strong><\/a><\/span><\/p>\n<blockquote class=\"twitter-tweet\" data-lang=\"es\">\n<p dir=\"ltr\" lang=\"es\">[OFICIAL] \u00c1ngel Reyna regresa a los Toros de Celaya para buscar el Ascenso. \u00a1Bienvenido a casa Reyna! <a href=\"https:\/\/twitter.com\/hashtag\/TorosUnidosPorElAscenso?src=hash\">#TorosUnidosPorElAscenso<\/a> &#x1f44b;&#x1f499;&#x1f403;&#x1f4af; <a href=\"https:\/\/t.co\/8inqyOYRJq\">pic.twitter.com\/8inqyOYRJq<\/a><\/p>\n<p>\u2014 Club Celaya (@TorosCelayaCD) <a href=\"https:\/\/twitter.com\/TorosCelayaCD\/status\/872910857692483586\">8 de junio de 2017<\/a><\/p><\/blockquote>\n<p><script async src=\"\/\/platform.twitter.com\/widgets.js\" charset=\"utf-8\"><\/script><\/p>\n<p style=\"text-align: center;\"><span style=\"color: #3366ff;\"><a style=\"color: #3366ff;\" href=\"https:\/\/www.futboltotal.com.mx\/2017\/06\/nuevo-escudo-chivas-apertura-2017\/\"><strong>VER M\u00c1S: Chivas usar\u00e1 nuevo escudo en el Apertura 2017<\/strong><\/a><\/span><\/p>\n","protected":false},"excerpt":{"rendered":"<p>El Pleititos volver\u00e1 a la Divisi\u00f3n de Plata, con un viejo conocido.<\/p>\n","protected":false},"author":20,"featured_media":482548,"comment_status":"closed","ping_status":"closed","sticky":false,"template":"","format":"standard","meta":[],"categories":[3843,2198],"tags":[1659,432],"_links":{"self":[{"href":"http:\/\/desarrollo.grupomedios.com\/futbol\/wp-json\/wp\/v2\/posts\/482547"}],"collection":[{"href":"http:\/\/desarrollo.grupomedios.com\/futbol\/wp-json\/wp\/v2\/posts"}],"about":[{"href":"http:\/\/desarrollo.grupomedios.com\/futbol\/wp-json\/wp\/v2\/types\/post"}],"author":[{"embeddable":true,"href":"http:\/\/desarrollo.grupomedios.com\/futbol\/wp-json\/wp\/v2\/users\/20"}],"replies":[{"embeddable":true,"href":"http:\/\/desarrollo.grupomedios.com\/futbol\/wp-json\/wp\/v2\/comments?post=482547"}],"version-history":[{"count":1,"href":"http:\/\/desarrollo.grupomedios.com\/futbol\/wp-json\/wp\/v2\/posts\/482547\/revisions"}],"predecessor-version":[{"id":482549,"href":"http:\/\/desarrollo.grupomedios.com\/futbol\/wp-json\/wp\/v2\/posts\/482547\/revisions\/482549"}],"wp:featuredmedia":[{"embeddable":true,"href":"http:\/\/desarrollo.grupomedios.com\/futbol\/wp-json\/wp\/v2\/media\/482548"}],"wp:attachment":[{"href":"http:\/\/desarrollo.grupomedios.com\/futbol\/wp-json\/wp\/v2\/media?parent=482547"}],"wp:term":[{"taxonomy":"category","embeddable":true,"href":"http:\/\/desarrollo.grupomedios.com\/futbol\/wp-json\/wp\/v2\/categories?post=482547"},{"taxonomy":"post_tag","embeddable":true,"href":"http:\/\/desarrollo.grupomedios.com\/futbol\/wp-json\/wp\/v2\/tags?post=482547"}],"curies":[{"name":"wp","href":"https:\/\/api.w.org\/{rel}","templated":true}]}}