{"id":482557,"date":"2017-06-08T17:28:38","date_gmt":"2017-06-08T22:28:38","guid":{"rendered":"https:\/\/www.futboltotal.com.mx\/?p=482557"},"modified":"2017-06-08T17:29:34","modified_gmt":"2017-06-08T22:29:34","slug":"agustin-marchesin-america-se-rompera-la-madre-con-herrera","status":"publish","type":"post","link":"http:\/\/desarrollo.grupomedios.com\/futbol\/futbol-mexicano\/agustin-marchesin-america-se-rompera-la-madre-con-herrera\/2017\/06","title":{"rendered":"Marches\u00edn: &#8220;Am\u00e9rica se romper\u00e1 la madre con Herrera&#8221;"},"content":{"rendered":"<p>El guardameta de las <em>\u00c1guilas<\/em> del <strong>Am\u00e9rica<\/strong>, <strong>Agust\u00edn Marches\u00edn<\/strong>, asegur\u00f3 que el equipo\u00a0se romper\u00e1 la madre con el t\u00e9cnico <strong>Miguel Herrera<\/strong> para volver a los primeros planos de la <strong>Liga MX<\/strong>, luego de no acceder a la liguilla en el torneo pasado.<\/p>\n<p>&#8220;Sin duda es muy importante dar continuidad al plantel, vamos a dar lo mejor, esta instituci\u00f3n es lo que quiere, perfecci\u00f3n absoluta desde el primer d\u00eda. Nos tenemos que partir la madre porque es a lo que estamos obligados en este equipo&#8221;, asever\u00f3 el cancerbero americanista, quien se desvivi\u00f3 en elogios para el nuevo estratega del conjunto azulcrema: &#8220;Estamos muy ilusionados con Miguel, un t\u00e9cnico que inyecta esa felicidad, ese \u00e1nimo de encarar el d\u00eda a d\u00eda&#8221;.<\/p>\n<p style=\"text-align: center;\"><span style=\"color: #333399;\"><a style=\"color: #333399;\" href=\"https:\/\/www.futboltotal.com.mx\/2017\/06\/america-acepto-la-mls-quiere-a-darwin-quintero\/\" target=\"_blank\" rel=\"noopener noreferrer\">VER M\u00c1S: Am\u00e9rica acept\u00f3 que la MLS quiere a Darwin Quintero.<\/a><\/span><\/p>\n<p><strong>Marches\u00edn<\/strong> aprovech\u00f3 los micr\u00f3fonos para opinar sobre el <strong>Draft<\/strong> de la <strong>Liga MX<\/strong> y sobre el armado de los equipos de cara al inicio\u00a0del <strong>Torneo Apertura 2017<\/strong>.<\/p>\n<p style=\"text-align: left;\">&#8220;El Draft fue raro, Puebla se termina reforzando de \u00faltimo momento, pero bueno, s\u00f3lo pasa en el futbol mexicano no pasa en ning\u00fan otro lado. Pero es lindo que te tiene pegado de \u00faltimo momento a ver qu\u00e9 puede pasar. Todos los equipos se han reforzado bien, cada uno busca lo mejor para su instituci\u00f3n, nosotros hemos recuperado jugadores que son muy importantes y que el torneo pasado no cost\u00f3 mucho no tenerlo&#8221;.<\/p>\n<p>Sobre la llegada al <em>Nido<\/em> de <span style=\"color: #333399;\"><a style=\"color: #333399;\" href=\"https:\/\/www.futboltotal.com.mx\/2017\/06\/oficial-guido-rodriguez-refuerzo-del-america\/\" target=\"_blank\" rel=\"noopener noreferrer\"><strong>Guido Rodr\u00edguez<\/strong><\/a><\/span>, <strong>Carlos Orrantia<\/strong> y el juvenil <strong>Carlos Vargas<\/strong>, as\u00ed como de la partida de <strong>Osmar Mares<\/strong>, <strong>Jos\u00e9 Daniel<\/strong>\u00a0<strong>Guerrero<\/strong>, <strong>Erik Pimentel<\/strong>, <span style=\"color: #333399;\"><a style=\"color: #333399;\" href=\"https:\/\/www.futboltotal.com.mx\/2017\/06\/javier-guemez-cambia-nido-america-pasa-al-queretaro\/\" target=\"_blank\" rel=\"noopener noreferrer\"><strong>Javier G\u00fcemez<\/strong><\/a><\/span> y <span style=\"color: #333399;\"><a style=\"color: #333399;\" href=\"https:\/\/www.futboltotal.com.mx\/2017\/06\/confirman-llegada-moises-munoz-a-puebla\/\" target=\"_blank\" rel=\"noopener noreferrer\"><strong>Mois\u00e9s Mu\u00f1oz<\/strong><\/a><\/span>, el portero argentino asegur\u00f3 que el <em>Piojo<\/em> sabe por qu\u00e9 los contrat\u00f3.<\/p>\n<p>&#8220;El t\u00e9cnico busca lo mejor en zonas que necesit\u00e1bamos. Duelen las salidas, pero les deseamos lo mejor, y ya a enfocarnos al nuevo torneo, recibir a los nuevos compa\u00f1eros, que se adapten r\u00e1pido e ilusionados por el nuevo torneo&#8221;, finaliz\u00f3.<\/p>\n<p style=\"text-align: center;\"><span style=\"color: #333399;\"><a style=\"color: #333399;\" href=\"https:\/\/www.futboltotal.com.mx\/2017\/06\/piris-se-rehusa-a-salir-rayados\/\" target=\"_blank\" rel=\"noopener noreferrer\">VER M\u00c1S: Piris se rehusa a salir de Rayados, no quiere ir a Le\u00f3n<\/a><\/span><\/p>\n","protected":false},"excerpt":{"rendered":"<p>Agust\u00edn Marches\u00edn declar\u00f3 que el conjunto americanista se romper\u00e1 la madre con el t\u00e9cnico Miguel Herrera para volver a ser protagonista<\/p>\n","protected":false},"author":20,"featured_media":482572,"comment_status":"closed","ping_status":"closed","sticky":false,"template":"","format":"standard","meta":[],"categories":[2198],"tags":[6118,5959,3525,8724,8723,1774,4305,8709,5571,255,635,6157],"_links":{"self":[{"href":"http:\/\/desarrollo.grupomedios.com\/futbol\/wp-json\/wp\/v2\/posts\/482557"}],"collection":[{"href":"http:\/\/desarrollo.grupomedios.com\/futbol\/wp-json\/wp\/v2\/posts"}],"about":[{"href":"http:\/\/desarrollo.grupomedios.com\/futbol\/wp-json\/wp\/v2\/types\/post"}],"author":[{"embeddable":true,"href":"http:\/\/desarrollo.grupomedios.com\/futbol\/wp-json\/wp\/v2\/users\/20"}],"replies":[{"embeddable":true,"href":"http:\/\/desarrollo.grupomedios.com\/futbol\/wp-json\/wp\/v2\/comments?post=482557"}],"version-history":[{"count":1,"href":"http:\/\/desarrollo.grupomedios.com\/futbol\/wp-json\/wp\/v2\/posts\/482557\/revisions"}],"predecessor-version":[{"id":482574,"href":"http:\/\/desarrollo.grupomedios.com\/futbol\/wp-json\/wp\/v2\/posts\/482557\/revisions\/482574"}],"wp:featuredmedia":[{"embeddable":true,"href":"http:\/\/desarrollo.grupomedios.com\/futbol\/wp-json\/wp\/v2\/media\/482572"}],"wp:attachment":[{"href":"http:\/\/desarrollo.grupomedios.com\/futbol\/wp-json\/wp\/v2\/media?parent=482557"}],"wp:term":[{"taxonomy":"category","embeddable":true,"href":"http:\/\/desarrollo.grupomedios.com\/futbol\/wp-json\/wp\/v2\/categories?post=482557"},{"taxonomy":"post_tag","embeddable":true,"href":"http:\/\/desarrollo.grupomedios.com\/futbol\/wp-json\/wp\/v2\/tags?post=482557"}],"curies":[{"name":"wp","href":"https:\/\/api.w.org\/{rel}","templated":true}]}}