{"id":482577,"date":"2017-06-08T18:12:50","date_gmt":"2017-06-08T23:12:50","guid":{"rendered":"https:\/\/www.futboltotal.com.mx\/?p=482577"},"modified":"2017-06-08T18:14:09","modified_gmt":"2017-06-08T23:14:09","slug":"craig-shakespeare-renovo-con-leicester-por-tres-temporadas-mas","status":"publish","type":"post","link":"http:\/\/desarrollo.grupomedios.com\/futbol\/futbol-internacional\/craig-shakespeare-renovo-con-leicester-por-tres-temporadas-mas\/2017\/06","title":{"rendered":"Leicester City ratifica a Shakespeare como t\u00e9cnico por tres temporadas m\u00e1s"},"content":{"rendered":"<p><strong>Craig Shakespeare<\/strong> fue ratificado como t\u00e9cnico del<a href=\"https:\/\/www.futboltotal.com.mx\/2017\/05\/riyad-mahrez-anuncia-quiere-salir-del-leicester-city\/\" target=\"_blank\" rel=\"noopener noreferrer\"><strong> Leicester City<\/strong><\/a> por tres temporadas m\u00e1s, luego de haber asumido el cargo como estratega interino en febrero pasado tras la salida del t\u00e9cnico italiano <strong>Claudio Ranieri<\/strong>, as\u00ed lo anunci\u00f3 el conjunto de los <em>Foxes<\/em>. El timonel ingl\u00e9s continuar\u00e1 el proyecto de <strong>Ranieri<\/strong>, quien sac\u00f3 campe\u00f3n al conjunto ingl\u00e9s en la <strong>Premier League<\/strong> en la temporada 2015-2016.<\/p>\n<p><strong>Shakespeare<\/strong> y los <em>Zorros<\/em> terminaron d\u00e9cimosegundo en la tabla general tras tomar al equipo en zona de descenso. El <strong>Leicester<\/strong> elimin\u00f3 al <strong>Sevilla<\/strong> en los octavos de final de la <strong>UEFA Champions League<\/strong> y cay\u00f3 ante el\u00a0<strong>Atl\u00e9tico de Madrid<\/strong> en la fase de cuartos, raz\u00f3n por la que los directivos decidieron apostar por su continuidad.<\/p>\n<p style=\"text-align: center;\"><a href=\"https:\/\/www.futboltotal.com.mx\/futbol-internacional\/\" target=\"_blank\" rel=\"noopener noreferrer\">VER M\u00c1S: Revista holandesa nombra a Messi como el mejor jugador de la historia.<\/a><\/p>\n<p>&#8220;Esta es una oportunidad realmente importante para m\u00ed de continuar en esta nueva etapa de mi carrera y para seguir trabajando con un club y un staff t\u00e9cnico con el que he crecido muy cerca&#8221;, declar\u00f3 el t\u00e9cnico brit\u00e1nico en el comunicado publicado en la p\u00e1gina web del club.<\/p>\n<p>El mandam\u00e1s del <strong>Leicester<\/strong> lleg\u00f3 al club como asistente t\u00e9cnico de <strong>Nigel Pearson<\/strong> en 2008, posteriormente estuvo una temporada en el <strong>Hull City<\/strong> y volvi\u00f3 en 2011 al <strong>King Power Stadium<\/strong>.<\/p>\n<p style=\"text-align: center;\"><a href=\"https:\/\/www.futboltotal.com.mx\/2017\/06\/diego-costa-revela-seguira-en-chelsea\/\" target=\"_blank\" rel=\"noopener noreferrer\">VER M\u00c1S: Diego Costa revela que no seguir\u00e1 en el Chelsea.<\/a><\/p>\n","protected":false},"excerpt":{"rendered":"<p>Craig Shakespeare renov\u00f3 con el Leicester City por tres temporadas m\u00e1s, luego de su gran papel en la UEFA Champions League<\/p>\n","protected":false},"author":20,"featured_media":482581,"comment_status":"closed","ping_status":"closed","sticky":false,"template":"","format":"standard","meta":[],"categories":[3839],"tags":[6007,36,5025,8725,8727,8726,775,334,49,192],"_links":{"self":[{"href":"http:\/\/desarrollo.grupomedios.com\/futbol\/wp-json\/wp\/v2\/posts\/482577"}],"collection":[{"href":"http:\/\/desarrollo.grupomedios.com\/futbol\/wp-json\/wp\/v2\/posts"}],"about":[{"href":"http:\/\/desarrollo.grupomedios.com\/futbol\/wp-json\/wp\/v2\/types\/post"}],"author":[{"embeddable":true,"href":"http:\/\/desarrollo.grupomedios.com\/futbol\/wp-json\/wp\/v2\/users\/20"}],"replies":[{"embeddable":true,"href":"http:\/\/desarrollo.grupomedios.com\/futbol\/wp-json\/wp\/v2\/comments?post=482577"}],"version-history":[{"count":1,"href":"http:\/\/desarrollo.grupomedios.com\/futbol\/wp-json\/wp\/v2\/posts\/482577\/revisions"}],"predecessor-version":[{"id":482583,"href":"http:\/\/desarrollo.grupomedios.com\/futbol\/wp-json\/wp\/v2\/posts\/482577\/revisions\/482583"}],"wp:featuredmedia":[{"embeddable":true,"href":"http:\/\/desarrollo.grupomedios.com\/futbol\/wp-json\/wp\/v2\/media\/482581"}],"wp:attachment":[{"href":"http:\/\/desarrollo.grupomedios.com\/futbol\/wp-json\/wp\/v2\/media?parent=482577"}],"wp:term":[{"taxonomy":"category","embeddable":true,"href":"http:\/\/desarrollo.grupomedios.com\/futbol\/wp-json\/wp\/v2\/categories?post=482577"},{"taxonomy":"post_tag","embeddable":true,"href":"http:\/\/desarrollo.grupomedios.com\/futbol\/wp-json\/wp\/v2\/tags?post=482577"}],"curies":[{"name":"wp","href":"https:\/\/api.w.org\/{rel}","templated":true}]}}