{"id":482578,"date":"2017-06-08T18:12:36","date_gmt":"2017-06-08T23:12:36","guid":{"rendered":"https:\/\/www.futboltotal.com.mx\/?p=482578"},"modified":"2017-06-08T18:15:14","modified_gmt":"2017-06-08T23:15:14","slug":"javier-chuletita-orozco-nuevo-jugador-del-tampico-madero","status":"publish","type":"post","link":"http:\/\/desarrollo.grupomedios.com\/futbol\/futbol-mexicano\/javier-chuletita-orozco-nuevo-jugador-del-tampico-madero\/2017\/06","title":{"rendered":"Javier &#8216;Chuletita&#8217; Orozco, nuevo jugador del Tampico Madero"},"content":{"rendered":"<p>El delantero mexicano, <strong>Javier el Chuletita Orozco<\/strong>, tiene nuevo equipo, se trata del <strong>Tampico Madero<\/strong> que compite en el Ascenso MX. La transacci\u00f3n fue dada a conocer por la <em>Jaiba Brava<\/em> en redes sociales.<\/p>\n<p><strong>Javier Orozco<\/strong> jugar\u00e1 con <strong>Tampico Madero<\/strong> en el Apertura 2017; el equipo que es propiedad de Orlegi Deportes, empresa que tambi\u00e9n es due\u00f1a del Santos Laguna, quien es due\u00f1o de la carta del <strong>Chuletita<\/strong>.<\/p>\n<p style=\"text-align: center;\"><span style=\"color: #3366ff;\"><a style=\"color: #3366ff;\" href=\"https:\/\/www.futboltotal.com.mx\/2017\/06\/oficial-angel-reyna-regresa-al-celaya\/\"><strong>VER M\u00c1S: \u00c1ngel Reyna regresa al Celaya<\/strong><\/a><\/span><\/p>\n<blockquote class=\"twitter-tweet\" data-lang=\"es\">\n<p dir=\"ltr\" lang=\"es\">&#x1f4f0; <a href=\"https:\/\/twitter.com\/hashtag\/RefuerzoCeleste?src=hash\">#RefuerzoCeleste<\/a><\/p>\n<p>\u27a1 Anunciamos la contrataci\u00f3n de <a href=\"https:\/\/twitter.com\/Chuletita_Of\">@Chuletita_Of<\/a> en calidad de pr\u00e9stamo.<\/p>\n<p>\u00a1Bienvenido! \u26bd\ufe0f&#x1f44a;&#x1f3fb; <a href=\"https:\/\/t.co\/kuMlL3ODnr\">pic.twitter.com\/kuMlL3ODnr<\/a><\/p>\n<p>\u2014 TM F\u00fatbol Club (@TMFCOficial) <a href=\"https:\/\/twitter.com\/TMFCOficial\/status\/872945303497969664\">8 de junio de 2017<\/a><\/p><\/blockquote>\n<p><script async src=\"\/\/platform.twitter.com\/widgets.js\" charset=\"utf-8\"><\/script><\/p>\n<p>Adem\u00e1s del <strong>Chuletita Orozco<\/strong>, el <strong>Tampico Madero<\/strong> tambi\u00e9n obtiene los servicios de Michel Garc\u00eda, procedente del Necaxa; ambos jugadores mexicanos llegan a la <em>Jaiba Brava<\/em> en calidad de pr\u00e9stamo.<\/p>\n<p style=\"text-align: center;\"><span style=\"color: #3366ff;\"><a style=\"color: #3366ff;\" href=\"https:\/\/www.futboltotal.com.mx\/2017\/06\/jonathan-espericueta-nuevo-jugador-del-atletico-de-san-luis\/\"><strong>VER M\u00c1S: Jonathan Espericueta es nuevo jugador del Atl\u00e9tico de San Luis<\/strong><\/a><\/span><\/p>\n<blockquote class=\"twitter-tweet\" data-lang=\"es\">\n<p dir=\"ltr\" lang=\"es\">&#x1f4f0; <a href=\"https:\/\/twitter.com\/hashtag\/RefuerzoCeleste?src=hash\">#RefuerzoCeleste<\/a><\/p>\n<p>\u27a1 Anunciamos la contrataci\u00f3n de Michel Garc\u00eda en calidad de pr\u00e9stamo.<\/p>\n<p>\u00a1Bienvenido! \u26bd\ufe0f&#x1f44a;&#x1f3fb; <a href=\"https:\/\/t.co\/EKzQSLnFWC\">pic.twitter.com\/EKzQSLnFWC<\/a><\/p>\n<p>\u2014 TM F\u00fatbol Club (@TMFCOficial) <a href=\"https:\/\/twitter.com\/TMFCOficial\/status\/872948108451352579\">8 de junio de 2017<\/a><\/p><\/blockquote>\n<p><script async src=\"\/\/platform.twitter.com\/widgets.js\" charset=\"utf-8\"><\/script><\/p>\n<p style=\"text-align: center;\"><span style=\"color: #3366ff;\"><a style=\"color: #3366ff;\" href=\"https:\/\/en-vivo.futboltotal.com.mx\/partido\/en-vivo-draft-transferencias-liga-mx-apertura-2017\/110\/\" target=\"_blank\" rel=\"noopener noreferrer\"><strong>VER M\u00c1S: EN VIVO | Draft del Ascenso MX | Rumbo al Apertura 2017<\/strong><\/a><\/span><\/p>\n","protected":false},"excerpt":{"rendered":"<p>El delantero mexicano, se une a las tropas de la Jaiba Brava.<\/p>\n","protected":false},"author":20,"featured_media":482580,"comment_status":"closed","ping_status":"closed","sticky":false,"template":"","format":"standard","meta":[],"categories":[3843,2198],"tags":[432,7076],"_links":{"self":[{"href":"http:\/\/desarrollo.grupomedios.com\/futbol\/wp-json\/wp\/v2\/posts\/482578"}],"collection":[{"href":"http:\/\/desarrollo.grupomedios.com\/futbol\/wp-json\/wp\/v2\/posts"}],"about":[{"href":"http:\/\/desarrollo.grupomedios.com\/futbol\/wp-json\/wp\/v2\/types\/post"}],"author":[{"embeddable":true,"href":"http:\/\/desarrollo.grupomedios.com\/futbol\/wp-json\/wp\/v2\/users\/20"}],"replies":[{"embeddable":true,"href":"http:\/\/desarrollo.grupomedios.com\/futbol\/wp-json\/wp\/v2\/comments?post=482578"}],"version-history":[{"count":2,"href":"http:\/\/desarrollo.grupomedios.com\/futbol\/wp-json\/wp\/v2\/posts\/482578\/revisions"}],"predecessor-version":[{"id":482584,"href":"http:\/\/desarrollo.grupomedios.com\/futbol\/wp-json\/wp\/v2\/posts\/482578\/revisions\/482584"}],"wp:featuredmedia":[{"embeddable":true,"href":"http:\/\/desarrollo.grupomedios.com\/futbol\/wp-json\/wp\/v2\/media\/482580"}],"wp:attachment":[{"href":"http:\/\/desarrollo.grupomedios.com\/futbol\/wp-json\/wp\/v2\/media?parent=482578"}],"wp:term":[{"taxonomy":"category","embeddable":true,"href":"http:\/\/desarrollo.grupomedios.com\/futbol\/wp-json\/wp\/v2\/categories?post=482578"},{"taxonomy":"post_tag","embeddable":true,"href":"http:\/\/desarrollo.grupomedios.com\/futbol\/wp-json\/wp\/v2\/tags?post=482578"}],"curies":[{"name":"wp","href":"https:\/\/api.w.org\/{rel}","templated":true}]}}