{"id":482647,"date":"2017-06-09T10:11:03","date_gmt":"2017-06-09T15:11:03","guid":{"rendered":"https:\/\/www.futboltotal.com.mx\/?p=482647"},"modified":"2017-06-09T10:27:28","modified_gmt":"2017-06-09T15:27:28","slug":"comentarista-espn-comparte-gol-tri-cuenta-escultural-modelo","status":"publish","type":"post","link":"http:\/\/desarrollo.grupomedios.com\/futbol\/futbol-mexicano\/seleccion-mexicana\/comentarista-espn-comparte-gol-tri-cuenta-escultural-modelo\/2017\/06","title":{"rendered":"Comentarista de ESPN comparte gol del Tri en cuenta de escultural modelo"},"content":{"rendered":"<p>Hoy en d\u00eda un sencillo error puede convertirse en motivo de enormes trolleos, m\u00e1s cuando se trata de una figura p\u00fablica como el caso del reportero <strong>John Sutcliffe<\/strong>, quien no se dio cuenta de en d\u00f3nde comparti\u00f3 un video de la <strong>Selecci\u00f3n Mexicana<\/strong> y se gan\u00f3 las burlas de los usuarios de redes sociales.<\/p>\n<p>El colaborador de <strong>ESPN<\/strong> estuvo siguiendo el partido de <a href=\"https:\/\/www.futboltotal.com.mx\/2017\/06\/resultado-hexagonal-concacaf-mexico-3-0-honduras\/\" target=\"_blank\" rel=\"noopener noreferrer\"><span style=\"color: #333399;\">la <strong>Selecci\u00f3n Mexicana<\/strong>, en el que se impuso 3-0 a <strong>Honduras<\/strong><\/span><\/a>, y cuando cay\u00f3 el gol de <strong>Ra\u00fal Jim\u00e9nez<\/strong> decidi\u00f3 compartirlo en <strong>Twitter<\/strong>, lo cual suena de lo m\u00e1s normal&#8230; a menos que lo hagas espec\u00edficamente en el timeline de una exuberante modelo.<\/p>\n<p>&nbsp;<\/p>\n<blockquote class=\"twitter-tweet\" data-lang=\"es\">\n<p dir=\"ltr\" lang=\"en\">Thinkin <a href=\"https:\/\/t.co\/LhD0iIWD6r\">pic.twitter.com\/LhD0iIWD6r<\/a><\/p>\n<p>\u2014 Jen Selter (@JenSelter) <a href=\"https:\/\/twitter.com\/JenSelter\/status\/869719769540440065\">31 de mayo de 2017<\/a><\/p><\/blockquote>\n<p><script async src=\"\/\/platform.twitter.com\/widgets.js\" charset=\"utf-8\"><\/script><\/p>\n<p>Por lo visto, <strong>Sutcliffe<\/strong> se encontraba viendo una foto\u00a0de la bell\u00edsima <strong>Jen Selter<\/strong>, que acababa de publicar una instant\u00e1nea suya en traje de ba\u00f1o y en una pose bastante sexy, y el reportero no se fij\u00f3 en lo que har\u00eda.<\/p>\n<p><a href=\"https:\/\/www.futboltotal.com.mx\/wp-content\/uploads\/2017\/06\/Sutcliffe-Selter.jpg\"><img decoding=\"async\" loading=\"lazy\" class=\"aligncenter size-large wp-image-482654\" src=\"https:\/\/www.futboltotal.com.mx\/wp-content\/uploads\/2017\/06\/Sutcliffe-Selter-1024x576.jpg\" alt=\"Comentarista de ESPN comparte gol del Tri en cuenta de escultural modelo 0\" srcset=\"http:\/\/desarrollo.grupomedios.com\/futbol\/wp-content\/uploads\/2017\/06\/Sutcliffe-Selter-1024x576.jpg 1024w, http:\/\/desarrollo.grupomedios.com\/futbol\/wp-content\/uploads\/2017\/06\/Sutcliffe-Selter-300x169.jpg 300w, http:\/\/desarrollo.grupomedios.com\/futbol\/wp-content\/uploads\/2017\/06\/Sutcliffe-Selter-768x432.jpg 768w, http:\/\/desarrollo.grupomedios.com\/futbol\/wp-content\/uploads\/2017\/06\/Sutcliffe-Selter-317x178.jpg 317w, http:\/\/desarrollo.grupomedios.com\/futbol\/wp-content\/uploads\/2017\/06\/Sutcliffe-Selter-535x301.jpg 535w, http:\/\/desarrollo.grupomedios.com\/futbol\/wp-content\/uploads\/2017\/06\/Sutcliffe-Selter-374x210.jpg 374w, http:\/\/desarrollo.grupomedios.com\/futbol\/wp-content\/uploads\/2017\/06\/Sutcliffe-Selter.jpg 1136w\" sizes=\"(max-width: 1024px) 100vw, 1024px\" \/><\/a><\/p>\n<p>La gente no tard\u00f3 en reaccionar ante el &#8216;epic fail&#8217; de <strong>Sutcliffe<\/strong>, tom\u00e1ndolo con bastante humor. \u00bfT\u00fa qu\u00e9 le habr\u00eda dicho?<\/p>\n<p><a href=\"https:\/\/www.futboltotal.com.mx\/wp-content\/uploads\/2017\/06\/Sutcliffe-Selter-reaccion.jpg\"><img decoding=\"async\" loading=\"lazy\" class=\"aligncenter size-large wp-image-482657\" src=\"https:\/\/www.futboltotal.com.mx\/wp-content\/uploads\/2017\/06\/Sutcliffe-Selter-reaccion-1024x576.jpg\" alt=\"Comentarista de ESPN comparte gol del Tri en cuenta de escultural modelo 1\" srcset=\"http:\/\/desarrollo.grupomedios.com\/futbol\/wp-content\/uploads\/2017\/06\/Sutcliffe-Selter-reaccion-1024x576.jpg 1024w, http:\/\/desarrollo.grupomedios.com\/futbol\/wp-content\/uploads\/2017\/06\/Sutcliffe-Selter-reaccion-300x169.jpg 300w, http:\/\/desarrollo.grupomedios.com\/futbol\/wp-content\/uploads\/2017\/06\/Sutcliffe-Selter-reaccion-768x432.jpg 768w, http:\/\/desarrollo.grupomedios.com\/futbol\/wp-content\/uploads\/2017\/06\/Sutcliffe-Selter-reaccion-317x178.jpg 317w, http:\/\/desarrollo.grupomedios.com\/futbol\/wp-content\/uploads\/2017\/06\/Sutcliffe-Selter-reaccion-535x301.jpg 535w, http:\/\/desarrollo.grupomedios.com\/futbol\/wp-content\/uploads\/2017\/06\/Sutcliffe-Selter-reaccion-374x210.jpg 374w, http:\/\/desarrollo.grupomedios.com\/futbol\/wp-content\/uploads\/2017\/06\/Sutcliffe-Selter-reaccion.jpg 1136w\" sizes=\"(max-width: 1024px) 100vw, 1024px\" \/><\/a><\/p>\n","protected":false},"excerpt":{"rendered":"<p>El reportero se encontraba viendo la foto de la bell\u00edsima modelo y cometi\u00f3 un &#8216;epic fail&#8217;.<\/p>\n","protected":false},"author":20,"featured_media":461722,"comment_status":"closed","ping_status":"closed","sticky":false,"template":"","format":"standard","meta":[],"categories":[5419,3847],"tags":[5448,3658,8734,8733,742,409,584],"_links":{"self":[{"href":"http:\/\/desarrollo.grupomedios.com\/futbol\/wp-json\/wp\/v2\/posts\/482647"}],"collection":[{"href":"http:\/\/desarrollo.grupomedios.com\/futbol\/wp-json\/wp\/v2\/posts"}],"about":[{"href":"http:\/\/desarrollo.grupomedios.com\/futbol\/wp-json\/wp\/v2\/types\/post"}],"author":[{"embeddable":true,"href":"http:\/\/desarrollo.grupomedios.com\/futbol\/wp-json\/wp\/v2\/users\/20"}],"replies":[{"embeddable":true,"href":"http:\/\/desarrollo.grupomedios.com\/futbol\/wp-json\/wp\/v2\/comments?post=482647"}],"version-history":[{"count":4,"href":"http:\/\/desarrollo.grupomedios.com\/futbol\/wp-json\/wp\/v2\/posts\/482647\/revisions"}],"predecessor-version":[{"id":482664,"href":"http:\/\/desarrollo.grupomedios.com\/futbol\/wp-json\/wp\/v2\/posts\/482647\/revisions\/482664"}],"wp:featuredmedia":[{"embeddable":true,"href":"http:\/\/desarrollo.grupomedios.com\/futbol\/wp-json\/wp\/v2\/media\/461722"}],"wp:attachment":[{"href":"http:\/\/desarrollo.grupomedios.com\/futbol\/wp-json\/wp\/v2\/media?parent=482647"}],"wp:term":[{"taxonomy":"category","embeddable":true,"href":"http:\/\/desarrollo.grupomedios.com\/futbol\/wp-json\/wp\/v2\/categories?post=482647"},{"taxonomy":"post_tag","embeddable":true,"href":"http:\/\/desarrollo.grupomedios.com\/futbol\/wp-json\/wp\/v2\/tags?post=482647"}],"curies":[{"name":"wp","href":"https:\/\/api.w.org\/{rel}","templated":true}]}}