{"id":482648,"date":"2017-06-09T10:10:51","date_gmt":"2017-06-09T15:10:51","guid":{"rendered":"https:\/\/www.futboltotal.com.mx\/?p=482648"},"modified":"2017-06-09T10:40:51","modified_gmt":"2017-06-09T15:40:51","slug":"michael-arroyo-saldria-del-club-amercia-para-jugar-con-el-gremio-de-porto-alegre","status":"publish","type":"post","link":"http:\/\/desarrollo.grupomedios.com\/futbol\/destacado-home\/michael-arroyo-saldria-del-club-amercia-para-jugar-con-el-gremio-de-porto-alegre\/2017\/06","title":{"rendered":"Michael Arroyo ya ser\u00eda jugador del Gremio de Porto Alegre"},"content":{"rendered":"<p>El jugador ecuatoriano de las <em>\u00c1guilas<\/em> del <strong>Am\u00e9rica<\/strong>, <strong><span style=\"color: #333399;\"><a style=\"color: #333399;\" href=\"https:\/\/www.futboltotal.com.mx\/2017\/05\/michael-arroyo-confirma-no-ha-renovado-america\/\" target=\"_blank\" rel=\"noopener noreferrer\">Michel Arroyo<\/a><\/span>,<\/strong> volar\u00eda del <em>Nido<\/em> de <strong>Coapa<\/strong> a tierras cariocas el pr\u00f3ximo torneo para enrolarse en las filas del <strong>Gremio de Porto Alegre<\/strong>, donde compartir\u00eda vestidor con su compatriota <strong>Miller Bola\u00f1os<\/strong>, as\u00ed lo dio a conocer el portal ecuatoriano Ecuagol.<\/p>\n<p>Lo que parec\u00eda ser un simple rumor parece cobrar fuerza y aunque la directiva azulcrema no se ha pronunciado al respecto, el destino de <em>Micky<\/em> <span style=\"color: #333399;\"><a style=\"color: #333399;\" href=\"https:\/\/www.futboltotal.com.mx\/2017\/05\/michael-arroyo-se-despidio-del-america-se-arrepintio\/\" target=\"_blank\" rel=\"noopener noreferrer\"><strong>Arroyo<\/strong><\/a><\/span> parece estar cada d\u00edas m\u00e1s lejos de <strong>M\u00e9xico<\/strong>, luego de que el jugador termin\u00f3 contrato con los <em>Cremas<\/em>, por lo que puede contratarse con el club que desee.<\/p>\n<p style=\"text-align: center;\"><span style=\"color: #333399;\"><a style=\"color: #333399;\" href=\"https:\/\/www.futboltotal.com.mx\/2017\/06\/oficial-guido-rodriguez-refuerzo-del-america\/\" target=\"_blank\" rel=\"noopener noreferrer\">VER M\u00c1S: OFICIAL: Guido Rodr\u00edguez es refuerzo del Am\u00e9rica<\/a><\/span><\/p>\n<p>Semanas atr\u00e1s se dio a conocer que <em>Gambetita<\/em> no entraba en los planes de <strong>Miguel Herrera<\/strong> para el <strong>Apertura 2017<\/strong>, por lo que la directiva trat\u00f3 de buscarle acomodo en alg\u00fan club el <span style=\"color: #333399;\"><a style=\"color: #333399;\" href=\"https:\/\/www.futboltotal.com.mx\/2017\/06\/sigue-en-vivo-draft-transferencias-liga-mx-apertura-2017\/\" target=\"_blank\" rel=\"noopener noreferrer\"><strong>Draft<\/strong><\/a> <\/span>de la <strong>Liga MX<\/strong>, desafortunadamente, no lleg\u00f3 ninguna oferta que sedujera al cuadro americanista.<\/p>\n<p>De acuerdo con informaci\u00f3n de Ecuagol, las negociaciones por <strong>Arroyo<\/strong> fueron largas e intensas, sin embargo, el jugador y las directivas de ambas escuadras pudieron llegar a un acuerdo para el traspaso del jugador al futbol brasile\u00f1o, mismo que podr\u00eda concretarse de un momento a otro.<\/p>\n<p style=\"text-align: center;\"><span style=\"color: #333399;\"><a style=\"color: #333399;\" href=\"https:\/\/www.futboltotal.com.mx\/2017\/06\/hirving-chucky-lozano-nuevo-jugador-del-manchester-city\/\" target=\"_blank\" rel=\"noopener noreferrer\">VER M\u00c1S: \u00a1Chucky Lozano ser\u00eda nuevo jugador del Manchester City!<\/a><\/span><\/p>\n<p>Durante su paso por futbol mexicano, <em>Micky Jr<\/em>., defendi\u00f3 los colores del <a href=\"https:\/\/www.futboltotal.com.mx\/2017\/06\/pikolin-palacios-encontro-equipo-en-ascenso-mx\/\" target=\"_blank\" rel=\"noopener noreferrer\"><span style=\"color: #333399;\"><strong>San Luis<\/strong><\/span>,<\/a> <strong>Atlante<\/strong> y <strong>Am\u00e9rica<\/strong>, conjunto con el que brill\u00f3 y obtuvo el t\u00edtulo de liga en el <strong>Apertura 2014<\/strong>.<\/p>\n","protected":false},"excerpt":{"rendered":"<p>Michael Arroyo saldr\u00eda del Am\u00e9rica para jugar en la liga carioca con el Gremio de Porto Alegre, al no entrar en los planes de Miguel Herrera para el Apertura 2017.<\/p>\n","protected":false},"author":20,"featured_media":482649,"comment_status":"closed","ping_status":"closed","sticky":false,"template":"","format":"standard","meta":[],"categories":[5,7740,3839,2198,3845],"tags":[8357,5960,6009,1774,3749,4133,2685,8735,64,4775,8625,255,6568,5971,8736],"_links":{"self":[{"href":"http:\/\/desarrollo.grupomedios.com\/futbol\/wp-json\/wp\/v2\/posts\/482648"}],"collection":[{"href":"http:\/\/desarrollo.grupomedios.com\/futbol\/wp-json\/wp\/v2\/posts"}],"about":[{"href":"http:\/\/desarrollo.grupomedios.com\/futbol\/wp-json\/wp\/v2\/types\/post"}],"author":[{"embeddable":true,"href":"http:\/\/desarrollo.grupomedios.com\/futbol\/wp-json\/wp\/v2\/users\/20"}],"replies":[{"embeddable":true,"href":"http:\/\/desarrollo.grupomedios.com\/futbol\/wp-json\/wp\/v2\/comments?post=482648"}],"version-history":[{"count":4,"href":"http:\/\/desarrollo.grupomedios.com\/futbol\/wp-json\/wp\/v2\/posts\/482648\/revisions"}],"predecessor-version":[{"id":482669,"href":"http:\/\/desarrollo.grupomedios.com\/futbol\/wp-json\/wp\/v2\/posts\/482648\/revisions\/482669"}],"wp:featuredmedia":[{"embeddable":true,"href":"http:\/\/desarrollo.grupomedios.com\/futbol\/wp-json\/wp\/v2\/media\/482649"}],"wp:attachment":[{"href":"http:\/\/desarrollo.grupomedios.com\/futbol\/wp-json\/wp\/v2\/media?parent=482648"}],"wp:term":[{"taxonomy":"category","embeddable":true,"href":"http:\/\/desarrollo.grupomedios.com\/futbol\/wp-json\/wp\/v2\/categories?post=482648"},{"taxonomy":"post_tag","embeddable":true,"href":"http:\/\/desarrollo.grupomedios.com\/futbol\/wp-json\/wp\/v2\/tags?post=482648"}],"curies":[{"name":"wp","href":"https:\/\/api.w.org\/{rel}","templated":true}]}}