{"id":482688,"date":"2017-06-09T11:40:49","date_gmt":"2017-06-09T16:40:49","guid":{"rendered":"https:\/\/www.futboltotal.com.mx\/?p=482688"},"modified":"2017-06-09T11:40:49","modified_gmt":"2017-06-09T16:40:49","slug":"inter-milan-nuevo-dt","status":"publish","type":"post","link":"http:\/\/desarrollo.grupomedios.com\/futbol\/futbol-internacional\/inter-milan-nuevo-dt\/2017\/06","title":{"rendered":"Inter de Mil\u00e1n tiene nuevo DT"},"content":{"rendered":"<p>Este viernes fue anunciado como nuevo estratega del\u00a0<strong>Inter de Mil\u00e1n<\/strong>, <strong>Luciano Spalletti<\/strong>, quien dirigiera a la <strong>Roma<\/strong> la temporada pasada.<\/p>\n<p style=\"text-align: center;\"><span style=\"color: #333399;\"><a style=\"color: #333399;\" href=\"https:\/\/www.futboltotal.com.mx\/2017\/05\/monterrey-se-reforzaria-jugador-del-inter-milan\/\" target=\"_blank\" rel=\"noopener noreferrer\">VER M\u00c1S: Monterrey, con refuerzo del Inter de Milan<\/a><\/span><\/p>\n<p><strong>Spalleti<\/strong>\u00a0ya hab\u00eda dado su primer rueda de prensa \u00a0como entrenador del club; sin embargo, este viernes se hizo la firma del <strong>contrato por dos a\u00f1os<\/strong> y su presentaci\u00f3n oficial.<\/p>\n<p>El estratega de 58 a\u00f1os de edad, deber\u00e1 regresar el prestigio al club <strong>nerazzurro<\/strong>, quien la temporada pasada apenas logr\u00f3 llegar al s\u00e9ptimo lugar en la tabla general y se qued\u00f3 fuera de puestos europeos.<\/p>\n<p>&nbsp;<\/p>\n<p>https:\/\/twitter.com\/Inter\/status\/873177884000755714<\/p>\n<div class=\"SandboxRoot env-bp-350\" data-twitter-event-id=\"0\">\n<div id=\"twitter-widget-0\" class=\"EmbeddedTweet EmbeddedTweet--mediaForward media-forward js-clickToOpenTarget js-tweetIdInfo tweet-InformationCircle-widgetParent\" lang=\"es\" data-click-to-open-target=\"https:\/\/twitter.com\/Inter\/status\/873177884000755714\" data-iframe-title=\"Tweet de Twitter\" data-dt-full=\"%{hours24}:%{minutes} - %{day} %{month} %{year}\" data-dt-months=\"Jan|Feb|Mar|Apr|May|Jun|Jul|Aug|Sep|Oct|Nov|Dec\" data-dt-am=\"AM\" data-dt-pm=\"PM\" data-dt-now=\"now\" data-dt-s=\"s\" data-dt-m=\"m\" data-dt-h=\"h\" data-dt-second=\"segundo\" data-dt-seconds=\"segundos\" data-dt-minute=\"minuto\" data-dt-minutes=\"minutos\" data-dt-hour=\"hora\" data-dt-hours=\"horas\" data-dt-abbr=\"%{number}%{symbol}\" data-dt-short=\"%{day} %{month}\" data-dt-long=\"%{day} %{month} %{year}\" data-scribe=\"page:tweet\" data-tweet-id=\"873177884000755714\" data-twitter-event-id=\"1\">\n<article class=\"MediaCard\n           MediaCard--mediaForward\n\n           customisable-border\" dir=\"ltr\" data-scribe=\"component:card\"><\/p>\n<div class=\"MediaCard-media\">\n<div class=\"MediaCard-widthConstraint js-cspForcedStyle\" style=\"text-align: center;\" data-style=\"max-width: 800px\"><span style=\"color: #333399;\"><a style=\"color: #333399;\" href=\"https:\/\/www.futboltotal.com.mx\/2017\/06\/ever-banega-ya-jugador-tigres\/\" target=\"_blank\" rel=\"noopener noreferrer\">VER M\u00c1S: Ever Banega ya ser\u00eda futbolista de Tigres\u00a0<\/a><\/span><\/div>\n<\/div>\n<\/article>\n<\/div>\n<\/div>\n","protected":false},"excerpt":{"rendered":"<p>El equipo nerazzurro qued\u00f3 fuera de puestos europeos la temporada pasada <\/p>\n","protected":false},"author":20,"featured_media":445553,"comment_status":"closed","ping_status":"closed","sticky":false,"template":"","format":"standard","meta":[],"categories":[3839],"tags":[227,292,8746,320,5958],"_links":{"self":[{"href":"http:\/\/desarrollo.grupomedios.com\/futbol\/wp-json\/wp\/v2\/posts\/482688"}],"collection":[{"href":"http:\/\/desarrollo.grupomedios.com\/futbol\/wp-json\/wp\/v2\/posts"}],"about":[{"href":"http:\/\/desarrollo.grupomedios.com\/futbol\/wp-json\/wp\/v2\/types\/post"}],"author":[{"embeddable":true,"href":"http:\/\/desarrollo.grupomedios.com\/futbol\/wp-json\/wp\/v2\/users\/20"}],"replies":[{"embeddable":true,"href":"http:\/\/desarrollo.grupomedios.com\/futbol\/wp-json\/wp\/v2\/comments?post=482688"}],"version-history":[{"count":1,"href":"http:\/\/desarrollo.grupomedios.com\/futbol\/wp-json\/wp\/v2\/posts\/482688\/revisions"}],"predecessor-version":[{"id":482690,"href":"http:\/\/desarrollo.grupomedios.com\/futbol\/wp-json\/wp\/v2\/posts\/482688\/revisions\/482690"}],"wp:featuredmedia":[{"embeddable":true,"href":"http:\/\/desarrollo.grupomedios.com\/futbol\/wp-json\/wp\/v2\/media\/445553"}],"wp:attachment":[{"href":"http:\/\/desarrollo.grupomedios.com\/futbol\/wp-json\/wp\/v2\/media?parent=482688"}],"wp:term":[{"taxonomy":"category","embeddable":true,"href":"http:\/\/desarrollo.grupomedios.com\/futbol\/wp-json\/wp\/v2\/categories?post=482688"},{"taxonomy":"post_tag","embeddable":true,"href":"http:\/\/desarrollo.grupomedios.com\/futbol\/wp-json\/wp\/v2\/tags?post=482688"}],"curies":[{"name":"wp","href":"https:\/\/api.w.org\/{rel}","templated":true}]}}