{"id":482695,"date":"2017-06-09T12:41:11","date_gmt":"2017-06-09T17:41:11","guid":{"rendered":"https:\/\/www.futboltotal.com.mx\/?p=482695"},"modified":"2017-06-09T12:41:11","modified_gmt":"2017-06-09T17:41:11","slug":"cruz-azul-cerro-la-compra-del-zaguero-argentino-julian-velazquez","status":"publish","type":"post","link":"http:\/\/desarrollo.grupomedios.com\/futbol\/futbol-mexicano\/cruz-azul-cerro-la-compra-del-zaguero-argentino-julian-velazquez\/2017\/06","title":{"rendered":"Cruz Azul amarra a Juli\u00e1n Vel\u00e1zquez para el Apertura 2017"},"content":{"rendered":"<p><em>La M\u00e1quina Celeste<\/em> de <strong>Cruz Azul <\/strong>amarr\u00f3 al central argentino <strong>Juli\u00e1n Vel\u00e1zquez<\/strong> por dos a\u00f1os m\u00e1s, tras comprar los derechos federativos del jugador, quien lleg\u00f3 a <strong>La Noria<\/strong> hace un a\u00f1o. El zaguero disput\u00f3 16 encuentro como titular, siendo uno de los futbolistas que m\u00e1s minutos acumul\u00f3 con los Celestes en el <strong>Clausura 2017<\/strong>.<\/p>\n<p><em>La Avispa<\/em> arrib\u00f3 al futbol mexicano en el <strong>Apertura 2016<\/strong> proveniente del <strong>Palermo<\/strong> de <strong>Italia<\/strong> en calidad de pr\u00e9stamo, en su primera temporada jug\u00f3 12 encuentros bajo las \u00f3rdenes de <strong>Tom\u00e1s Boy<\/strong>. En su segunda campa\u00f1a, <strong>Vel\u00e1zquez<\/strong> se convirti\u00f3 en pieza clave para <strong>Paco Jemes<\/strong> en sector defensivo<\/p>\n<p>&#8220;Gracias al nivel mostrado cada partido y a los n\u00fameros que obtuvo en el Clausura 2017, Juli\u00e1n Vel\u00e1zquez seguir\u00e1 siendo #AzulXTi&#8221;, versa el comunicado del club.<\/p>\n<p>&nbsp;<\/p>\n<blockquote class=\"twitter-tweet\" data-lang=\"es\">\n<p dir=\"ltr\" lang=\"es\">Juli\u00e1n Vel\u00e1zquez, celeste hasta 2019 [&#8230;] Leer nota &#x1f4dd;<a href=\"https:\/\/t.co\/nlLfnYieS0\">https:\/\/t.co\/nlLfnYieS0<\/a> <a href=\"https:\/\/t.co\/ZwfKxfKSzf\">pic.twitter.com\/ZwfKxfKSzf<\/a><\/p>\n<p>\u2014 CRUZ AZUL FC \u00ae (@Cruz_Azul_FC) <a href=\"https:\/\/twitter.com\/Cruz_Azul_FC\/status\/873215899540627456\">9 de junio de 2017<\/a><\/p><\/blockquote>\n<p><script async src=\"\/\/platform.twitter.com\/widgets.js\" charset=\"utf-8\"><\/script><\/p>\n","protected":false},"excerpt":{"rendered":"<p>Juli\u00e1n Vel\u00e1zquez es oficialmente de Cruz Azul, luego de que lo celestes compraran los derechos federativos del jugador por dos a\u00f1os m\u00e1s.<\/p>\n","protected":false},"author":20,"featured_media":482702,"comment_status":"closed","ping_status":"closed","sticky":false,"template":"","format":"standard","meta":[],"categories":[7740,2198,3845],"tags":[5478,8751,8749,5962,8750,292,8483,271,8748,1471,8752],"_links":{"self":[{"href":"http:\/\/desarrollo.grupomedios.com\/futbol\/wp-json\/wp\/v2\/posts\/482695"}],"collection":[{"href":"http:\/\/desarrollo.grupomedios.com\/futbol\/wp-json\/wp\/v2\/posts"}],"about":[{"href":"http:\/\/desarrollo.grupomedios.com\/futbol\/wp-json\/wp\/v2\/types\/post"}],"author":[{"embeddable":true,"href":"http:\/\/desarrollo.grupomedios.com\/futbol\/wp-json\/wp\/v2\/users\/20"}],"replies":[{"embeddable":true,"href":"http:\/\/desarrollo.grupomedios.com\/futbol\/wp-json\/wp\/v2\/comments?post=482695"}],"version-history":[{"count":1,"href":"http:\/\/desarrollo.grupomedios.com\/futbol\/wp-json\/wp\/v2\/posts\/482695\/revisions"}],"predecessor-version":[{"id":482703,"href":"http:\/\/desarrollo.grupomedios.com\/futbol\/wp-json\/wp\/v2\/posts\/482695\/revisions\/482703"}],"wp:featuredmedia":[{"embeddable":true,"href":"http:\/\/desarrollo.grupomedios.com\/futbol\/wp-json\/wp\/v2\/media\/482702"}],"wp:attachment":[{"href":"http:\/\/desarrollo.grupomedios.com\/futbol\/wp-json\/wp\/v2\/media?parent=482695"}],"wp:term":[{"taxonomy":"category","embeddable":true,"href":"http:\/\/desarrollo.grupomedios.com\/futbol\/wp-json\/wp\/v2\/categories?post=482695"},{"taxonomy":"post_tag","embeddable":true,"href":"http:\/\/desarrollo.grupomedios.com\/futbol\/wp-json\/wp\/v2\/tags?post=482695"}],"curies":[{"name":"wp","href":"https:\/\/api.w.org\/{rel}","templated":true}]}}