{"id":482721,"date":"2017-06-09T13:52:53","date_gmt":"2017-06-09T18:52:53","guid":{"rendered":"https:\/\/www.futboltotal.com.mx\/?p=482721"},"modified":"2017-06-09T13:52:53","modified_gmt":"2017-06-09T18:52:53","slug":"carlos-salcedo-ya-sabe-donde-jugara-la-siguiente-temporada","status":"publish","type":"post","link":"http:\/\/desarrollo.grupomedios.com\/futbol\/futbol-mexicano\/carlos-salcedo-ya-sabe-donde-jugara-la-siguiente-temporada\/2017\/06","title":{"rendered":"Carlos Salcedo ya sabe d\u00f3nde jugar\u00e1 la siguiente temporada"},"content":{"rendered":"<p>El defensa de la <span style=\"color: #ff0000;\"><a style=\"color: #ff0000;\" href=\"http:\/\/futboltotal.com.mx\/futbol-mexicano\/seleccion-mexicana\/\" target=\"_blank\" rel=\"noopener noreferrer\">Selecci\u00f3n Mexicana<\/a><\/span>, <strong>Carlos Salcedo<\/strong>, est\u00e1 tranquilo sobre su continuidad en el futbol de Europa, pues sabe que seguir\u00e1 compitiendo en el Viejo Continente, debido a que su futuro ya qued\u00f3 arreglado; desafortunadamente, s\u00f3lo \u00e9l conoce su destino.<\/p>\n<p>\u201cYa es algo que ya se tiene, pero no puedo decir a qu\u00e9 equipo ni nada todav\u00eda\u201d, se\u00f1al\u00f3 el futbolista mexicano, quien <span style=\"color: #ff0000;\"><a style=\"color: #ff0000;\" href=\"https:\/\/www.futboltotal.com.mx\/2017\/06\/salcedo-baja-juego-ante-estados-unidos\/\" target=\"_blank\" rel=\"noopener noreferrer\">causa baja de la Selecci\u00f3n Mexicana, para el partido frente a Estados Unidos<\/a><\/span>, debido a una lesi\u00f3n sufrida, durante el encuentro ante Honduras.<\/p>\n<p style=\"text-align: center;\"><span style=\"color: #3366ff;\"><a style=\"color: #3366ff;\" href=\"https:\/\/www.futboltotal.com.mx\/2017\/06\/asi-marcha-hexagonal-final-concacaf\/\" target=\"_blank\" rel=\"noopener noreferrer\"><strong>VER M\u00c1S: Hexagonal Final de CONCACAF, al momento<\/strong><\/a><\/span><\/p>\n<p>Carlos Salcedo, que lleva un a\u00f1o en la plantilla de la Fiorentina de Italia, dio como \u00fanico indicio de su futuro, que se mantendr\u00eda en el balompi\u00e9 europeo, debido a que tiene un proceso que cumplir, para mejorar profesionalmente, algo que lo tiene muy ilusionado.<\/p>\n<p>&#8220;Todav\u00eda me falta mucho por crecer, me gusta aprender de todo y sacar el mayor de los provechos en entrenamientos y partidos&#8221;, a\u00f1adi\u00f3 Carlos Salcedo.<\/p>\n<p style=\"text-align: center;\"><span style=\"color: #3366ff;\"><a style=\"color: #3366ff;\" href=\"https:\/\/www.futboltotal.com.mx\/2017\/06\/hirving-chucky-lozano-nuevo-jugador-del-manchester-city\/\" target=\"_blank\" rel=\"noopener noreferrer\"><strong>VER M\u00c1S: Hirving Lozano habr\u00eda sido fichado por Manchester City<\/strong><\/a><\/span><\/p>\n","protected":false},"excerpt":{"rendered":"<p>El defensor seguir\u00e1 compitiendo en el Viejo Continente, pero\u2026<\/p>\n","protected":false},"author":20,"featured_media":482723,"comment_status":"closed","ping_status":"closed","sticky":false,"template":"","format":"standard","meta":[],"categories":[2198,3845,6718],"tags":[5531,4545,142],"_links":{"self":[{"href":"http:\/\/desarrollo.grupomedios.com\/futbol\/wp-json\/wp\/v2\/posts\/482721"}],"collection":[{"href":"http:\/\/desarrollo.grupomedios.com\/futbol\/wp-json\/wp\/v2\/posts"}],"about":[{"href":"http:\/\/desarrollo.grupomedios.com\/futbol\/wp-json\/wp\/v2\/types\/post"}],"author":[{"embeddable":true,"href":"http:\/\/desarrollo.grupomedios.com\/futbol\/wp-json\/wp\/v2\/users\/20"}],"replies":[{"embeddable":true,"href":"http:\/\/desarrollo.grupomedios.com\/futbol\/wp-json\/wp\/v2\/comments?post=482721"}],"version-history":[{"count":1,"href":"http:\/\/desarrollo.grupomedios.com\/futbol\/wp-json\/wp\/v2\/posts\/482721\/revisions"}],"predecessor-version":[{"id":482724,"href":"http:\/\/desarrollo.grupomedios.com\/futbol\/wp-json\/wp\/v2\/posts\/482721\/revisions\/482724"}],"wp:featuredmedia":[{"embeddable":true,"href":"http:\/\/desarrollo.grupomedios.com\/futbol\/wp-json\/wp\/v2\/media\/482723"}],"wp:attachment":[{"href":"http:\/\/desarrollo.grupomedios.com\/futbol\/wp-json\/wp\/v2\/media?parent=482721"}],"wp:term":[{"taxonomy":"category","embeddable":true,"href":"http:\/\/desarrollo.grupomedios.com\/futbol\/wp-json\/wp\/v2\/categories?post=482721"},{"taxonomy":"post_tag","embeddable":true,"href":"http:\/\/desarrollo.grupomedios.com\/futbol\/wp-json\/wp\/v2\/tags?post=482721"}],"curies":[{"name":"wp","href":"https:\/\/api.w.org\/{rel}","templated":true}]}}