{"id":482728,"date":"2017-06-09T14:12:34","date_gmt":"2017-06-09T19:12:34","guid":{"rendered":"https:\/\/www.futboltotal.com.mx\/?p=482728"},"modified":"2017-06-09T14:12:34","modified_gmt":"2017-06-09T19:12:34","slug":"america-castiga-a-diego-lainez","status":"publish","type":"post","link":"http:\/\/desarrollo.grupomedios.com\/futbol\/videos\/america-castiga-a-diego-lainez\/2017\/06","title":{"rendered":"\u00a1\u00bfAm\u00e9rica castiga a Diego Lainez?!"},"content":{"rendered":"<p>Este viernes 9 de junio, el plantel del <strong>Am\u00e9rica<\/strong> festej\u00f3 el cumplea\u00f1os de <strong>Diego Lainez<\/strong>, a quien le obsequiaron un pastel, que no pudo evitar terminar en la cara del volante mexicano, quien adem\u00e1s fue ba\u00f1ado con agua rehidratante. De esta divertida forma, las <em>\u00c1guilas<\/em> castigaron a su estelar canterano.<\/p>\n<p style=\"text-align: center;\"><span style=\"color: #3366ff;\"><a style=\"color: #3366ff;\" href=\"https:\/\/www.futboltotal.com.mx\/2017\/06\/edson-alvarez-alejandro-mayorga-invitados-del-tri-a-confederaciones\/\" target=\"_blank\" rel=\"noopener noreferrer\"><strong>VER M\u00c1S: Edson \u00c1lvarez viajar\u00e1 con el Tri a la Copa Confederaciones<\/strong><\/a><\/span><\/p>\n<blockquote class=\"twitter-video\" data-lang=\"es\">\n<p dir=\"ltr\" lang=\"es\"><a href=\"https:\/\/twitter.com\/hashtag\/Pastelazo%C3%81guila?src=hash\">#Pastelazo\u00c1guila<\/a> <a href=\"https:\/\/twitter.com\/DiegoLainez10\">@DiegoLainez10<\/a><br \/>\n\u00a1Bienvenido a los 17 a\u00f1os!<a href=\"https:\/\/twitter.com\/hashtag\/Siempre%C3%81guilas?src=hash\">#Siempre\u00c1guilas<\/a>  <a href=\"https:\/\/t.co\/Ru50k8dS3y\">pic.twitter.com\/Ru50k8dS3y<\/a><\/p>\n<p>\u2014 Club Am\u00e9rica (@ClubAmerica) <a href=\"https:\/\/twitter.com\/ClubAmerica\/status\/873252444469211136\">9 de junio de 2017<\/a><\/p><\/blockquote>\n<p><script async src=\"\/\/platform.twitter.com\/widgets.js\" charset=\"utf-8\"><\/script><\/p>\n<p style=\"text-align: center;\"><span style=\"color: #3366ff;\"><a style=\"color: #3366ff;\" href=\"https:\/\/www.futboltotal.com.mx\/2017\/06\/asi-marcha-hexagonal-final-concacaf\/\" target=\"_blank\" rel=\"noopener noreferrer\"><strong>VER M\u00c1S: Hexagonal Final de CONCACAF, al momento<\/strong><\/a><\/span><\/p>\n","protected":false},"excerpt":{"rendered":"<p>En Coapa celebraron el cumplea\u00f1os del volante juvenil.<\/p>\n","protected":false},"author":20,"featured_media":482730,"comment_status":"closed","ping_status":"closed","sticky":false,"template":"","format":"standard","meta":[],"categories":[5419,2198,3845,4,6433],"tags":[5959,8300],"_links":{"self":[{"href":"http:\/\/desarrollo.grupomedios.com\/futbol\/wp-json\/wp\/v2\/posts\/482728"}],"collection":[{"href":"http:\/\/desarrollo.grupomedios.com\/futbol\/wp-json\/wp\/v2\/posts"}],"about":[{"href":"http:\/\/desarrollo.grupomedios.com\/futbol\/wp-json\/wp\/v2\/types\/post"}],"author":[{"embeddable":true,"href":"http:\/\/desarrollo.grupomedios.com\/futbol\/wp-json\/wp\/v2\/users\/20"}],"replies":[{"embeddable":true,"href":"http:\/\/desarrollo.grupomedios.com\/futbol\/wp-json\/wp\/v2\/comments?post=482728"}],"version-history":[{"count":1,"href":"http:\/\/desarrollo.grupomedios.com\/futbol\/wp-json\/wp\/v2\/posts\/482728\/revisions"}],"predecessor-version":[{"id":482731,"href":"http:\/\/desarrollo.grupomedios.com\/futbol\/wp-json\/wp\/v2\/posts\/482728\/revisions\/482731"}],"wp:featuredmedia":[{"embeddable":true,"href":"http:\/\/desarrollo.grupomedios.com\/futbol\/wp-json\/wp\/v2\/media\/482730"}],"wp:attachment":[{"href":"http:\/\/desarrollo.grupomedios.com\/futbol\/wp-json\/wp\/v2\/media?parent=482728"}],"wp:term":[{"taxonomy":"category","embeddable":true,"href":"http:\/\/desarrollo.grupomedios.com\/futbol\/wp-json\/wp\/v2\/categories?post=482728"},{"taxonomy":"post_tag","embeddable":true,"href":"http:\/\/desarrollo.grupomedios.com\/futbol\/wp-json\/wp\/v2\/tags?post=482728"}],"curies":[{"name":"wp","href":"https:\/\/api.w.org\/{rel}","templated":true}]}}