{"id":482737,"date":"2017-06-09T14:47:58","date_gmt":"2017-06-09T19:47:58","guid":{"rendered":"https:\/\/www.futboltotal.com.mx\/?p=482737"},"modified":"2017-06-09T14:47:58","modified_gmt":"2017-06-09T19:47:58","slug":"piojo-herrera-puma-orrantia","status":"publish","type":"post","link":"http:\/\/desarrollo.grupomedios.com\/futbol\/futbol-mexicano\/piojo-herrera-puma-orrantia\/2017\/06","title":{"rendered":"A Piojo Herrera no le importa pasado Puma de Orrantia"},"content":{"rendered":"<p>Durante el m\u00e1s reciente <strong>Draft<\/strong> de la <strong>Liga MX<\/strong>, uno de los fichajes que m\u00e1s sorprendi\u00f3 e hizo ruido fue la llegada de\u00a0<b>Emilio Orrantia<\/b> al<b> Am\u00e9rica<\/b>, sobre todo por el pasado auriazul que tiene el furbolista, aunque su pase lleg\u00f3 procedente de Santos<\/p>\n<p>Sin embargo, para el estratega azulcrema, <strong>Miguel Herrera<\/strong>, no es importante el pasado de <strong>Orrantia<\/strong>, e indic\u00f3 que el fichaje se realiz\u00f3 para que el futbolista compita y no como &#8220;relleno&#8221; de la plantilla.<\/p>\n<p style=\"text-align: center;\"><span style=\"color: #333399;\"><a style=\"color: #333399;\" href=\"https:\/\/www.futboltotal.com.mx\/2017\/06\/america-confirma-fichaje-bomba-llegara-sudamerica\/\" target=\"_blank\" rel=\"noopener noreferrer\">VER M\u00c1S: Am\u00e9rica fija su mirada en Sudam\u00e9rica para fichaje &#8216;Bomba&#8217;<\/a><\/span><\/p>\n<p>\u201cNo veo el pasado, <strong>yo veo el presente del jugador<\/strong> para ver qu\u00e9 futuro nos da, venga del equipo que venga, yo busco un futbolista <strong>que no sea suplente<\/strong>, que venga a completar el equipo que quiero, no que venga de relleno. <strong>Me parece un buen jugador<\/strong>, cuando lo hemos enfrentado ha mostrado buenas condiciones por esa banda\u201d, apunt\u00f3 Herrera en conferencia de prensa.<\/p>\n<p><strong>\u00bfPor qu\u00e9 se dio el fichaje?<\/strong><\/p>\n<p>El Piojo estableci\u00f3 que el traspaso de Orrantia no se ten\u00eda contemplado, sin embargo, la directiva de <strong>Santos<\/strong> insisti\u00f3 en el intercambio para hacerse con los servicios del jugador americanista, <strong>Brian Lozano<\/strong>.<\/p>\n<blockquote><p>\u201cLa situaci\u00f3n de Orrantia fue ya muy noche. Vino la gente de <b>Santos <\/b>quer\u00eda llevarse a un jugador nuestro y la \u00fanica circunstancia era pagar con alg\u00fan jugador. De entrada no era la idea, estuvimos platicando con el se\u00f1or <b>Irarragorri<\/b> y llegamos a buenos t\u00e9rminos de que se llevara al jugador que pretend\u00eda. Con Santiago decidimos que fuera <b>Orrantia<\/b>, porque no se nos hizo traer un lateral derecho y \u00e9l juega por esa banda de lateral y de volante, un tipo que vendr\u00e1 a competir\u201d, estableci\u00f3 el americanista.<\/p>\n<p style=\"text-align: center;\"><span style=\"color: #333399;\"><a style=\"color: #333399;\" href=\"https:\/\/www.futboltotal.com.mx\/2017\/06\/michael-arroyo-saldria-del-club-amercia-para-jugar-con-el-gremio-de-porto-alegre\/\" target=\"_blank\" rel=\"noopener noreferrer\">VER M\u00c1S: Michael Arroyo deja el &#8216;nido&#8217;, su destino es Brasil<\/a><\/span><\/p>\n<\/blockquote>\n<p>&nbsp;<\/p>\n","protected":false},"excerpt":{"rendered":"<p>El estratega azulcrema advirti\u00f3 que no ten\u00edan contemplado el fichaje del futbolista<\/p>\n","protected":false},"author":20,"featured_media":482742,"comment_status":"closed","ping_status":"closed","sticky":false,"template":"","format":"standard","meta":[],"categories":[2198,3845],"tags":[5959,6577,1142,255,257,74,5972],"_links":{"self":[{"href":"http:\/\/desarrollo.grupomedios.com\/futbol\/wp-json\/wp\/v2\/posts\/482737"}],"collection":[{"href":"http:\/\/desarrollo.grupomedios.com\/futbol\/wp-json\/wp\/v2\/posts"}],"about":[{"href":"http:\/\/desarrollo.grupomedios.com\/futbol\/wp-json\/wp\/v2\/types\/post"}],"author":[{"embeddable":true,"href":"http:\/\/desarrollo.grupomedios.com\/futbol\/wp-json\/wp\/v2\/users\/20"}],"replies":[{"embeddable":true,"href":"http:\/\/desarrollo.grupomedios.com\/futbol\/wp-json\/wp\/v2\/comments?post=482737"}],"version-history":[{"count":1,"href":"http:\/\/desarrollo.grupomedios.com\/futbol\/wp-json\/wp\/v2\/posts\/482737\/revisions"}],"predecessor-version":[{"id":482743,"href":"http:\/\/desarrollo.grupomedios.com\/futbol\/wp-json\/wp\/v2\/posts\/482737\/revisions\/482743"}],"wp:featuredmedia":[{"embeddable":true,"href":"http:\/\/desarrollo.grupomedios.com\/futbol\/wp-json\/wp\/v2\/media\/482742"}],"wp:attachment":[{"href":"http:\/\/desarrollo.grupomedios.com\/futbol\/wp-json\/wp\/v2\/media?parent=482737"}],"wp:term":[{"taxonomy":"category","embeddable":true,"href":"http:\/\/desarrollo.grupomedios.com\/futbol\/wp-json\/wp\/v2\/categories?post=482737"},{"taxonomy":"post_tag","embeddable":true,"href":"http:\/\/desarrollo.grupomedios.com\/futbol\/wp-json\/wp\/v2\/tags?post=482737"}],"curies":[{"name":"wp","href":"https:\/\/api.w.org\/{rel}","templated":true}]}}