{"id":482746,"date":"2017-06-09T15:45:34","date_gmt":"2017-06-09T20:45:34","guid":{"rendered":"https:\/\/www.futboltotal.com.mx\/?p=482746"},"modified":"2017-06-09T15:45:34","modified_gmt":"2017-06-09T20:45:34","slug":"nahuel-guzman-convence-a-ever-banega-fichar-tigres","status":"publish","type":"post","link":"http:\/\/desarrollo.grupomedios.com\/futbol\/futbol-mexicano\/nahuel-guzman-convence-a-ever-banega-fichar-tigres\/2017\/06","title":{"rendered":"Nahuel Guzm\u00e1n &#8216;convence&#8217; a Ever Banega de fichar por Tigres"},"content":{"rendered":"<p>El portero de <strong>Tigres<\/strong>, <strong>Nahuel<\/strong> <strong>Guzm\u00e1n<\/strong>, es parte de la convocatoria de la selecci\u00f3n de <strong>Argentina<\/strong> en el debut del t\u00e9cnico <strong>Jorge<\/strong> <strong>Sampaoli<\/strong> al frente de la <em>Albiceleste<\/em> y decidi\u00f3 mostrar c\u00f3mo vive la concentraci\u00f3n con sus compa\u00f1eros, uno de ellos en la mira de la <strong>UANL<\/strong>.<\/p>\n<p>El mediocampista <strong>Ever<\/strong> <strong>Banega<\/strong>, quien\u00a0juega con el <strong>Inter de Mil\u00e1n<\/strong> luego de haber pasado por el <strong>Sevilla<\/strong>, <strong>Atl\u00e9tico<\/strong> <strong>de<\/strong> <strong>Madrid<\/strong> y <strong>Valencia<\/strong>, apareci\u00f3 en una foto junto al <strong><em>Pat\u00f3n<\/em> Guzm\u00e1n<\/strong> tomando unos mates y charlando,\u00a0lo que despert\u00f3 especulaciones.<\/p>\n<p style=\"text-align: center;\"><a href=\"https:\/\/www.futboltotal.com.mx\/2017\/06\/america-confirma-fichaje-bomba-llegara-sudamerica\/\" target=\"_blank\" rel=\"noopener noreferrer\"><span style=\"color: #333399;\">VER M\u00c1S: Am\u00e9rica confirm\u00f3 que su fichaje &#8216;bomba&#8217; llegar\u00e1 de Sudam\u00e9rica<\/span><\/a><\/p>\n<p>Medios italianos han reportado que <a href=\"https:\/\/www.futboltotal.com.mx\/2017\/06\/ever-banega-ya-jugador-tigres\/\" target=\"_blank\" rel=\"noopener noreferrer\"><span style=\"color: #333399;\"><strong>Tigres<\/strong> present\u00f3 una propuesta al <strong>Inter<\/strong> para fichar a <strong>Banega<\/strong><\/span><\/a>, quien no ha cuajado su mejor torneo en su primer a\u00f1o con los <em>nerazzurri<\/em> y podr\u00eda llegar a la Liga MX.<\/p>\n<p>Por ello, esta imagen ha sido interpretada por algunos fan\u00e1ticos de los <em><strong>Felinos<\/strong><\/em> como <strong>Guzm\u00e1n<\/strong> haciendo labor de convencimiento para que <strong>Banega<\/strong> acepte probar fortuna en el futbol mexicano con los <strong>Tigres<\/strong>.<\/p>\n<p style=\"text-align: center;\"><a href=\"https:\/\/www.futboltotal.com.mx\/2017\/06\/asi-alburearon-a-vanessa-huppenkothen-en-vivo\/\" target=\"_blank\" rel=\"noopener noreferrer\"><span style=\"color: #333399;\">VER M\u00c1S: As\u00ed alburearon a Vanessa Huppenkothen en vivo<\/span><\/a><\/p>\n<p>&nbsp;<\/p>\n<blockquote class=\"twitter-tweet\" data-lang=\"es\">\n<p dir=\"ltr\" lang=\"es\"><a href=\"https:\/\/twitter.com\/hashtag\/Utileria?src=hash\">#Utileria<\/a> <a href=\"https:\/\/twitter.com\/hashtag\/Previa?src=hash\">#Previa<\/a> <a href=\"https:\/\/twitter.com\/hashtag\/Mates?src=hash\">#Mates<\/a> junto al cra&#8217; <a href=\"https:\/\/twitter.com\/Ever10Banega\">@Ever10Banega<\/a> &#x1f4aa;&#x1f1e6;&#x1f1f7; <a href=\"https:\/\/t.co\/hKKwt8Q6sQ\">pic.twitter.com\/hKKwt8Q6sQ<\/a><\/p>\n<p>\u2014 Nahuel.I.Guzman (@PatonGuzman) <a href=\"https:\/\/twitter.com\/PatonGuzman\/status\/873072827762593793\">9 de junio de 2017<\/a><\/p><\/blockquote>\n<p><script async src=\"\/\/platform.twitter.com\/widgets.js\" charset=\"utf-8\"><\/script><\/p>\n","protected":false},"excerpt":{"rendered":"<p>Una foto publicada por Nahuel Guzm\u00e1n alimenta los rumores de la llegada de Banega a M\u00e9xico.<\/p>\n","protected":false},"author":20,"featured_media":482749,"comment_status":"closed","ping_status":"closed","sticky":false,"template":"","format":"standard","meta":[],"categories":[5419,7740,3839,2198,3845],"tags":[5996,4959,4847,227,6129,8759,5973],"_links":{"self":[{"href":"http:\/\/desarrollo.grupomedios.com\/futbol\/wp-json\/wp\/v2\/posts\/482746"}],"collection":[{"href":"http:\/\/desarrollo.grupomedios.com\/futbol\/wp-json\/wp\/v2\/posts"}],"about":[{"href":"http:\/\/desarrollo.grupomedios.com\/futbol\/wp-json\/wp\/v2\/types\/post"}],"author":[{"embeddable":true,"href":"http:\/\/desarrollo.grupomedios.com\/futbol\/wp-json\/wp\/v2\/users\/20"}],"replies":[{"embeddable":true,"href":"http:\/\/desarrollo.grupomedios.com\/futbol\/wp-json\/wp\/v2\/comments?post=482746"}],"version-history":[{"count":1,"href":"http:\/\/desarrollo.grupomedios.com\/futbol\/wp-json\/wp\/v2\/posts\/482746\/revisions"}],"predecessor-version":[{"id":482755,"href":"http:\/\/desarrollo.grupomedios.com\/futbol\/wp-json\/wp\/v2\/posts\/482746\/revisions\/482755"}],"wp:featuredmedia":[{"embeddable":true,"href":"http:\/\/desarrollo.grupomedios.com\/futbol\/wp-json\/wp\/v2\/media\/482749"}],"wp:attachment":[{"href":"http:\/\/desarrollo.grupomedios.com\/futbol\/wp-json\/wp\/v2\/media?parent=482746"}],"wp:term":[{"taxonomy":"category","embeddable":true,"href":"http:\/\/desarrollo.grupomedios.com\/futbol\/wp-json\/wp\/v2\/categories?post=482746"},{"taxonomy":"post_tag","embeddable":true,"href":"http:\/\/desarrollo.grupomedios.com\/futbol\/wp-json\/wp\/v2\/tags?post=482746"}],"curies":[{"name":"wp","href":"https:\/\/api.w.org\/{rel}","templated":true}]}}