{"id":482747,"date":"2017-06-09T15:46:43","date_gmt":"2017-06-09T20:46:43","guid":{"rendered":"https:\/\/www.futboltotal.com.mx\/?p=482747"},"modified":"2017-06-09T15:46:43","modified_gmt":"2017-06-09T20:46:43","slug":"sampaoli-quiere-hacer-funcionar-la-dupla-messi-dybala","status":"publish","type":"post","link":"http:\/\/desarrollo.grupomedios.com\/futbol\/futbol-internacional\/sampaoli-quiere-hacer-funcionar-la-dupla-messi-dybala\/2017\/06","title":{"rendered":"Sampaoli quiere hacer funcionar la dupla Messi-Dybala"},"content":{"rendered":"<p>El nuevo estratega de la selecci\u00f3n Albiceleste, <strong>Jorge Sampaoli<\/strong>, indic\u00f3 su deseo para que bajo su mando, <strong>Lionel Messi<\/strong> y <strong>Paulo Dybala<\/strong> lleguen a entenderse dentro del terreno de juego.<\/p>\n<blockquote><p>\u201cLa comprensi\u00f3n en el juego de dos futbolistas como Messi y Dybala para Argentina ser\u00e1 muy importante\u201d, afirm\u00f3 Sampaoli en conferencia de prensa.<\/p><\/blockquote>\n<p><strong>Dybala<\/strong> destac\u00f3 en la temporada de la Juventus; se llevaron la <strong>Serie A<\/strong> y alcanzaron la final de la <strong>Championes League<\/strong>, aunque poco pudo hacer para evitar la ca\u00edda de su conjunto ante el Real Madrid.<\/p>\n<p style=\"text-align: center;\"><span style=\"color: #333399;\"><a style=\"color: #333399;\" href=\"https:\/\/www.futboltotal.com.mx\/2017\/05\/dybala-elogio-a-zidane-confeso-le-hubiera-gustado-jugar\/\" target=\"_blank\" rel=\"noopener noreferrer\">VER M\u00c1S: Dybala habla de su admiraci\u00f3n hacia Zidane<\/a><\/span><\/p>\n<p>Por su parte, <strong>Messi<\/strong> mantuvo su buen nivel en el Barcelona; sin embargo, solo pudo llevarse la <strong>Copa del Rey<\/strong>, adem\u00e1s de quedar campe\u00f3n de goleo.<\/p>\n<p>\u201cM\u00e1s all\u00e1 del lugar que ocupen, le van a dar un potencial al equipo en jerarqu\u00eda individual muy importante. Lo que tenemos que lograr es que esa gran capacidad individual genere una conexi\u00f3n que nos permita funcionar\u201d, apunt\u00f3 Sampaoli.<\/p>\n<p>Sampaoli debe asegurarse que sus mejores futbolistas se conecten, en la eliminatoria de Conmebol en busca de un boleto para <strong>Rusia 2018<\/strong>, la Albiceleste marcha en quinto lugar cuando solo restan cuatro partidos. Su pr\u00f3ximo encuentro eliminatorio es el 31 de agosto ante <strong>Uruguay<\/strong>.<\/p>\n<p>Cabe recordar que los cuatro primeros se clasifican directo a la Copa del Mundo y el quinto disputa un repechaje contra el l\u00edder de Ocean\u00eda.<\/p>\n<p style=\"text-align: center;\"><span style=\"color: #333399;\"><a style=\"color: #333399;\" href=\"https:\/\/www.futboltotal.com.mx\/2017\/05\/tendria-matar-a-messi-a-crisitano-mario-balotelli\/\" target=\"_blank\" rel=\"noopener noreferrer\">VER M\u00c1S: Tendr\u00eda que matar a Messi y Cristiano Ronaldo: Mario Balotelli<\/a><\/span><\/p>\n<p>&nbsp;<\/p>\n<p>&nbsp;<\/p>\n","protected":false},"excerpt":{"rendered":"<p>El estratega de Argentina quiere que sus mejores jugadores se conecten de cara a la eliminatoria<\/p>\n","protected":false},"author":20,"featured_media":478055,"comment_status":"closed","ping_status":"closed","sticky":false,"template":"","format":"standard","meta":[],"categories":[3839],"tags":[5996,5984,1392,4520,5999,6012,6669],"_links":{"self":[{"href":"http:\/\/desarrollo.grupomedios.com\/futbol\/wp-json\/wp\/v2\/posts\/482747"}],"collection":[{"href":"http:\/\/desarrollo.grupomedios.com\/futbol\/wp-json\/wp\/v2\/posts"}],"about":[{"href":"http:\/\/desarrollo.grupomedios.com\/futbol\/wp-json\/wp\/v2\/types\/post"}],"author":[{"embeddable":true,"href":"http:\/\/desarrollo.grupomedios.com\/futbol\/wp-json\/wp\/v2\/users\/20"}],"replies":[{"embeddable":true,"href":"http:\/\/desarrollo.grupomedios.com\/futbol\/wp-json\/wp\/v2\/comments?post=482747"}],"version-history":[{"count":1,"href":"http:\/\/desarrollo.grupomedios.com\/futbol\/wp-json\/wp\/v2\/posts\/482747\/revisions"}],"predecessor-version":[{"id":482756,"href":"http:\/\/desarrollo.grupomedios.com\/futbol\/wp-json\/wp\/v2\/posts\/482747\/revisions\/482756"}],"wp:featuredmedia":[{"embeddable":true,"href":"http:\/\/desarrollo.grupomedios.com\/futbol\/wp-json\/wp\/v2\/media\/478055"}],"wp:attachment":[{"href":"http:\/\/desarrollo.grupomedios.com\/futbol\/wp-json\/wp\/v2\/media?parent=482747"}],"wp:term":[{"taxonomy":"category","embeddable":true,"href":"http:\/\/desarrollo.grupomedios.com\/futbol\/wp-json\/wp\/v2\/categories?post=482747"},{"taxonomy":"post_tag","embeddable":true,"href":"http:\/\/desarrollo.grupomedios.com\/futbol\/wp-json\/wp\/v2\/tags?post=482747"}],"curies":[{"name":"wp","href":"https:\/\/api.w.org\/{rel}","templated":true}]}}