{"id":482801,"date":"2017-06-09T20:37:07","date_gmt":"2017-06-10T01:37:07","guid":{"rendered":"https:\/\/www.futboltotal.com.mx\/?p=482801"},"modified":"2017-06-09T20:37:07","modified_gmt":"2017-06-10T01:37:07","slug":"anuncian-habra-cambios-en-chivas-tv","status":"publish","type":"post","link":"http:\/\/desarrollo.grupomedios.com\/futbol\/destacado-home\/anuncian-habra-cambios-en-chivas-tv\/2017\/06","title":{"rendered":"\u00a1Anuncian que habr\u00e1 cambios en Chivas TV!"},"content":{"rendered":"<p>Mediante su cuenta de Twitter, <strong>Chivas TV<\/strong> adelant\u00f3 que habr\u00e1 cambios en su plataforma, de cara al Apertura 2017. La evoluci\u00f3n del servicio de transmisi\u00f3n de juegos del Guadalajara a\u00fan se desconoce en cuesti\u00f3n de detalles; sin embargo, se espera m\u00e1s informaci\u00f3n previo al inicio de la siguiente campa\u00f1a.<\/p>\n<p>Ahora la plataforma del <em>Reba\u00f1o Sagrado<\/em> sufre una transici\u00f3n, para llamarse <strong>Chivas TV 2.0.\u00a0<\/strong>en donde se podr\u00edan incluir mejoras y\/o inclusi\u00f3n de socios. \u201cRevolucionando. Seguir nuestro camino es ser la generaci\u00f3n que cambi\u00f3 al futbol mexicano\u201d, indican en su publicaci\u00f3n de redes sociales.<\/p>\n<p style=\"text-align: center;\"><span style=\"color: #3366ff;\"><a style=\"color: #3366ff;\" href=\"https:\/\/www.futboltotal.com.mx\/2017\/06\/bayern-munich-trollea-a-mats-hummels\/\" target=\"_blank\" rel=\"noopener noreferrer\"><strong>VER M\u00c1S: Bayern Munich trollea al Osvaldo Alan\u00eds alem\u00e1n<\/strong><\/a><\/span><\/p>\n<blockquote class=\"twitter-tweet\" data-lang=\"es\">\n<p dir=\"ltr\" lang=\"es\">Decidimos innovar y ahora vamos a evolucionar. \u00a1Este es <a href=\"https:\/\/twitter.com\/hashtag\/NuestroCamino?src=hash\">#NuestroCamino<\/a>! \u2764\ufe0f&#x1f51d; <a href=\"https:\/\/t.co\/nbNDEhGsgL\">pic.twitter.com\/nbNDEhGsgL<\/a><\/p>\n<p>\u2014 ChivasTV (@chivastvmx) <a href=\"https:\/\/twitter.com\/chivastvmx\/status\/873342965195960322\">10 de junio de 2017<\/a><\/p><\/blockquote>\n<p><script async src=\"\/\/platform.twitter.com\/widgets.js\" charset=\"utf-8\"><\/script><\/p>\n<p style=\"text-align: center;\"><span style=\"color: #3366ff;\"><a style=\"color: #3366ff;\" href=\"https:\/\/www.futboltotal.com.mx\/2017\/06\/carlos-salcedo-ya-sabe-donde-jugara-la-siguiente-temporada\/\" target=\"_blank\" rel=\"noopener noreferrer\"><strong>VER M\u00c1S: Carlos Salcedo ya sabe d\u00f3nde jugar\u00e1 la siguiente temporada<\/strong><\/a><\/span><\/p>\n<blockquote class=\"twitter-video\" data-lang=\"es\">\n<p dir=\"ltr\" lang=\"es\">\u00a1No te sab\u00edas esta, ChivaHermano! &#x1f4aa; <a href=\"https:\/\/twitter.com\/86Aris55\">@86Aris55<\/a> est\u00e1 invicto en finales disputadas&#8230; \u00a1Puro Campe\u00f3n! &#x1f440; Checa su balance del CL17. <a href=\"https:\/\/t.co\/ZeuiTYzsaX\">pic.twitter.com\/ZeuiTYzsaX<\/a><\/p>\n<p>\u2014 CHIVAS (@Chivas) <a href=\"https:\/\/twitter.com\/Chivas\/status\/873326293651046400\">9 de junio de 2017<\/a><\/p><\/blockquote>\n<p><script async src=\"\/\/platform.twitter.com\/widgets.js\" charset=\"utf-8\"><\/script><\/p>\n<p style=\"text-align: center;\"><span style=\"color: #3366ff;\"><a style=\"color: #3366ff;\" href=\"https:\/\/www.futboltotal.com.mx\/2017\/06\/campeones-confederaciones-1999-visitan-al-tri\/\" target=\"_blank\" rel=\"noopener noreferrer\"><strong>VER M\u00c1S: Selecci\u00f3n Mexicana recibe visita de &#8216;Campeones del Mundo&#8217;<\/strong><\/a><\/span><\/p>\n","protected":false},"excerpt":{"rendered":"<p>La plataforma del Reba\u00f1o Sagrado sufrir\u00e1 una evoluci\u00f3n, de cara a la siguiente campa\u00f1a.<\/p>\n","protected":false},"author":20,"featured_media":482802,"comment_status":"closed","ping_status":"closed","sticky":false,"template":"","format":"standard","meta":[],"categories":[5419,5,2198,3845],"tags":[70,7110],"_links":{"self":[{"href":"http:\/\/desarrollo.grupomedios.com\/futbol\/wp-json\/wp\/v2\/posts\/482801"}],"collection":[{"href":"http:\/\/desarrollo.grupomedios.com\/futbol\/wp-json\/wp\/v2\/posts"}],"about":[{"href":"http:\/\/desarrollo.grupomedios.com\/futbol\/wp-json\/wp\/v2\/types\/post"}],"author":[{"embeddable":true,"href":"http:\/\/desarrollo.grupomedios.com\/futbol\/wp-json\/wp\/v2\/users\/20"}],"replies":[{"embeddable":true,"href":"http:\/\/desarrollo.grupomedios.com\/futbol\/wp-json\/wp\/v2\/comments?post=482801"}],"version-history":[{"count":1,"href":"http:\/\/desarrollo.grupomedios.com\/futbol\/wp-json\/wp\/v2\/posts\/482801\/revisions"}],"predecessor-version":[{"id":482803,"href":"http:\/\/desarrollo.grupomedios.com\/futbol\/wp-json\/wp\/v2\/posts\/482801\/revisions\/482803"}],"wp:featuredmedia":[{"embeddable":true,"href":"http:\/\/desarrollo.grupomedios.com\/futbol\/wp-json\/wp\/v2\/media\/482802"}],"wp:attachment":[{"href":"http:\/\/desarrollo.grupomedios.com\/futbol\/wp-json\/wp\/v2\/media?parent=482801"}],"wp:term":[{"taxonomy":"category","embeddable":true,"href":"http:\/\/desarrollo.grupomedios.com\/futbol\/wp-json\/wp\/v2\/categories?post=482801"},{"taxonomy":"post_tag","embeddable":true,"href":"http:\/\/desarrollo.grupomedios.com\/futbol\/wp-json\/wp\/v2\/tags?post=482801"}],"curies":[{"name":"wp","href":"https:\/\/api.w.org\/{rel}","templated":true}]}}