{"id":482817,"date":"2017-06-10T09:28:17","date_gmt":"2017-06-10T14:28:17","guid":{"rendered":"https:\/\/www.futboltotal.com.mx\/?p=482817"},"modified":"2017-06-10T09:28:17","modified_gmt":"2017-06-10T14:28:17","slug":"hertha-berlin-le-una-propuesta-a-zlatan-ibrahimovic","status":"publish","type":"post","link":"http:\/\/desarrollo.grupomedios.com\/futbol\/futbol-internacional\/hertha-berlin-le-una-propuesta-a-zlatan-ibrahimovic\/2017\/06","title":{"rendered":"Hertha Berlin le hace una &#8220;propuesta&#8221; a Zlatan Ibrahimovic"},"content":{"rendered":"<p>Luego que se diera a conocer que el\u00a0<strong>Manchester United<\/strong> no ejercer\u00e1 la opci\u00f3n de renovaci\u00f3n del contrato de<strong> Zlatan Ibrahimovic<\/strong>, le han salido muchas &#8220;novias&#8221; al delantero sueco.<\/p>\n<p>Uno de ellos, y que nadie esperaba, fue el conjunto <strong>Hertha Berlin<\/strong>, quien decidi\u00f3 hacerle una inusual propuesta a <strong>&#8216;Ibra&#8217;<\/strong>.<\/p>\n<p style=\"text-align: center;\"><span style=\"color: #333399;\"><a style=\"color: #333399;\" href=\"https:\/\/www.futboltotal.com.mx\/2017\/06\/manchester-united-no-renovaria-contrato-ibrahimovic\/\" target=\"_blank\" rel=\"noopener noreferrer\">VER M\u00c1S: Se acab\u00f3 la era de &#8216;Ibra&#8217; en el United<\/a><\/span><\/p>\n<p>El equipo alem\u00e1n escribi\u00f3 a trav\u00e9s de su cuenta de<strong> Twitter<\/strong>: &#8220;Tenemos grandes fans, pero a\u00fan no hay dinero: pero puedes ganar la B<strong>undesliga<\/strong> por primera vez. Piensa en ello <strong>Zlatan<\/strong>&#8220;.<\/p>\n<p>https:\/\/twitter.com\/HerthaBSC\/status\/873113967224160257<\/p>\n<p><strong> Ibrahimovic<\/strong> ha jugado en la Serie A, La Liga, la Ligue 1 y la Premier League, pero jam\u00e1s se ha puesto la camiseta de un equipo en la <strong>Bundesliga.<\/strong><\/p>\n<p style=\"text-align: center;\"><span style=\"color: #333399;\"><a style=\"color: #333399;\" href=\"https:\/\/www.futboltotal.com.mx\/2017\/06\/me-retiraria-a-la-edad-del-conejo-seguir-robando-oribe-peralta\/\" target=\"_blank\" rel=\"noopener noreferrer\">VER M\u00c1S: Ex del Barcelona se acerca a Pumas<\/a><\/span><\/p>\n<pre id=\"tw-target-text\" class=\"tw-data-text tw-ta tw-text-small\" dir=\"ltr\" data-placeholder=\"Traducci\u00f3n\" data-fulltext=\"\">\r\n\r\n<\/pre>\n","protected":false},"excerpt":{"rendered":"<p>El equipo alem\u00e1n le envi\u00f3 un mensaje al delantero sueco<\/p>\n","protected":false},"author":20,"featured_media":466303,"comment_status":"closed","ping_status":"closed","sticky":false,"template":"","format":"standard","meta":[],"categories":[3839],"tags":[119,5044,43,6059],"_links":{"self":[{"href":"http:\/\/desarrollo.grupomedios.com\/futbol\/wp-json\/wp\/v2\/posts\/482817"}],"collection":[{"href":"http:\/\/desarrollo.grupomedios.com\/futbol\/wp-json\/wp\/v2\/posts"}],"about":[{"href":"http:\/\/desarrollo.grupomedios.com\/futbol\/wp-json\/wp\/v2\/types\/post"}],"author":[{"embeddable":true,"href":"http:\/\/desarrollo.grupomedios.com\/futbol\/wp-json\/wp\/v2\/users\/20"}],"replies":[{"embeddable":true,"href":"http:\/\/desarrollo.grupomedios.com\/futbol\/wp-json\/wp\/v2\/comments?post=482817"}],"version-history":[{"count":1,"href":"http:\/\/desarrollo.grupomedios.com\/futbol\/wp-json\/wp\/v2\/posts\/482817\/revisions"}],"predecessor-version":[{"id":482819,"href":"http:\/\/desarrollo.grupomedios.com\/futbol\/wp-json\/wp\/v2\/posts\/482817\/revisions\/482819"}],"wp:featuredmedia":[{"embeddable":true,"href":"http:\/\/desarrollo.grupomedios.com\/futbol\/wp-json\/wp\/v2\/media\/466303"}],"wp:attachment":[{"href":"http:\/\/desarrollo.grupomedios.com\/futbol\/wp-json\/wp\/v2\/media?parent=482817"}],"wp:term":[{"taxonomy":"category","embeddable":true,"href":"http:\/\/desarrollo.grupomedios.com\/futbol\/wp-json\/wp\/v2\/categories?post=482817"},{"taxonomy":"post_tag","embeddable":true,"href":"http:\/\/desarrollo.grupomedios.com\/futbol\/wp-json\/wp\/v2\/tags?post=482817"}],"curies":[{"name":"wp","href":"https:\/\/api.w.org\/{rel}","templated":true}]}}