{"id":482833,"date":"2017-06-10T10:56:42","date_gmt":"2017-06-10T15:56:42","guid":{"rendered":"https:\/\/www.futboltotal.com.mx\/?p=482833"},"modified":"2017-06-10T11:00:39","modified_gmt":"2017-06-10T16:00:39","slug":"dybala-bueno-la-gente-dice-pele","status":"publish","type":"post","link":"http:\/\/desarrollo.grupomedios.com\/futbol\/futbol-internacional\/dybala-bueno-la-gente-dice-pele\/2017\/06","title":{"rendered":"Dybala no es tan bueno como la gente dice: Pel\u00e9"},"content":{"rendered":"<p>La leyenda del futbol brasile\u00f1o, <strong>Pel\u00e9<\/strong>, habl\u00f3 fuerte despu\u00e9s de la derrota que sufriera la <strong><em>VerdeAmarela\u00a0<\/em><\/strong>a manos de <strong>Argentina<\/strong> en un partido amistoso.<\/p>\n<p><strong>Pel\u00e9<\/strong>, indic\u00f3 que <strong>Dybala<\/strong> est\u00e1 sobrevalorado en el mundo del futbol internacional.<\/p>\n<p style=\"text-align: center;\"><span style=\"color: #333399;\"><a style=\"color: #333399;\" href=\"https:\/\/www.futboltotal.com.mx\/2017\/06\/sampaoli-quiere-hacer-funcionar-la-dupla-messi-dybala\/\" target=\"_blank\" rel=\"noopener noreferrer\">VER M\u00c1S: Sampaoli quiere afilar dupla Messi-Dybala<\/a><\/span><\/p>\n<blockquote><p>&#8220;\u00bfDybala? \u00c9l no es tan bueno como a la gente dice&#8221;, expres\u00f3 el ex futbolista, de a cuerdo con informaci\u00f3n de Tuttosport.<\/p><\/blockquote>\n<p>&#8220;Dicen que podr\u00eda ser el heredero de <strong>Maradona<\/strong>, pero lo \u00fanico que tienen en com\u00fan es que patean con el pie izquierdo&#8221;, estableci\u00f3 <strong>Pel\u00e9.<\/strong><\/p>\n<p>Esta temporada, <strong>Paulo Dybala<\/strong> anot\u00f3 11 goles y dio 7 asistencias con el cuadro de la <strong>Juventus<\/strong>. Lleg\u00f3 a la final de la Champions League, sin embargo, poco pudo hacer para evitar la derrota de su equipo.<\/p>\n<p style=\"text-align: center;\"><span style=\"color: #333399;\"><a style=\"color: #333399;\" href=\"https:\/\/www.futboltotal.com.mx\/2017\/06\/nahuel-guzman-convence-a-ever-banega-fichar-tigres\/\" target=\"_blank\" rel=\"noopener noreferrer\">VER M\u00c1S: Nahuel Guzm\u00e1n &#8216;convence&#8217; a Ever Banega de fichar por Tigres<\/a><\/span><\/p>\n<pre id=\"tw-target-text\" class=\"tw-data-text tw-ta tw-text-small\" dir=\"ltr\" data-placeholder=\"Traducci\u00f3n\" data-fulltext=\"\"><\/pre>\n","protected":false},"excerpt":{"rendered":"<p>El brasile\u00f1o critic\u00f3 duramente al futbolista de la Juventus<\/p>\n","protected":false},"author":20,"featured_media":455157,"comment_status":"closed","ping_status":"closed","sticky":false,"template":"","format":"standard","meta":[],"categories":[3839],"tags":[5996,6009,5999,6669,246],"_links":{"self":[{"href":"http:\/\/desarrollo.grupomedios.com\/futbol\/wp-json\/wp\/v2\/posts\/482833"}],"collection":[{"href":"http:\/\/desarrollo.grupomedios.com\/futbol\/wp-json\/wp\/v2\/posts"}],"about":[{"href":"http:\/\/desarrollo.grupomedios.com\/futbol\/wp-json\/wp\/v2\/types\/post"}],"author":[{"embeddable":true,"href":"http:\/\/desarrollo.grupomedios.com\/futbol\/wp-json\/wp\/v2\/users\/20"}],"replies":[{"embeddable":true,"href":"http:\/\/desarrollo.grupomedios.com\/futbol\/wp-json\/wp\/v2\/comments?post=482833"}],"version-history":[{"count":2,"href":"http:\/\/desarrollo.grupomedios.com\/futbol\/wp-json\/wp\/v2\/posts\/482833\/revisions"}],"predecessor-version":[{"id":482839,"href":"http:\/\/desarrollo.grupomedios.com\/futbol\/wp-json\/wp\/v2\/posts\/482833\/revisions\/482839"}],"wp:featuredmedia":[{"embeddable":true,"href":"http:\/\/desarrollo.grupomedios.com\/futbol\/wp-json\/wp\/v2\/media\/455157"}],"wp:attachment":[{"href":"http:\/\/desarrollo.grupomedios.com\/futbol\/wp-json\/wp\/v2\/media?parent=482833"}],"wp:term":[{"taxonomy":"category","embeddable":true,"href":"http:\/\/desarrollo.grupomedios.com\/futbol\/wp-json\/wp\/v2\/categories?post=482833"},{"taxonomy":"post_tag","embeddable":true,"href":"http:\/\/desarrollo.grupomedios.com\/futbol\/wp-json\/wp\/v2\/tags?post=482833"}],"curies":[{"name":"wp","href":"https:\/\/api.w.org\/{rel}","templated":true}]}}