{"id":482843,"date":"2017-06-10T11:44:56","date_gmt":"2017-06-10T16:44:56","guid":{"rendered":"https:\/\/www.futboltotal.com.mx\/?p=482843"},"modified":"2017-06-10T12:33:35","modified_gmt":"2017-06-10T17:33:35","slug":"juventus-pagara-a-la-sampdoria-la-clausula-de-patrik-schick","status":"publish","type":"post","link":"http:\/\/desarrollo.grupomedios.com\/futbol\/uncategorized\/juventus-pagara-a-la-sampdoria-la-clausula-de-patrik-schick\/2017\/06","title":{"rendered":"Juventus reforzar\u00e1 su ataque con Patrik Schick, delantero de la Sampdoria"},"content":{"rendered":"<p>Tras caer en la Final de la <span style=\"color: #333399;\"><a style=\"color: #333399;\" href=\"https:\/\/www.futboltotal.com.mx\/2017\/06\/nuevo-estadio-del-atletico-candidato-final-champions-league-2019\/\" target=\"_blank\" rel=\"noopener noreferrer\"><strong>UEFA Champions League<\/strong><\/a><\/span> ante el <span style=\"color: #333399;\"><a style=\"color: #333399;\" href=\"https:\/\/www.futboltotal.com.mx\/2017\/06\/alvaro-morata-desea-irse-del-madrid-su-destino-seria-manchester\/\" target=\"_blank\" rel=\"noopener noreferrer\"><strong>Real Madrid<\/strong><\/a><\/span>, la <span style=\"color: #333399;\"><a style=\"color: #333399;\" href=\"https:\/\/www.futboltotal.com.mx\/2017\/06\/en-vivo-juventus-vs-real-madrid-final-champions-league\/\" target=\"_blank\" rel=\"noopener noreferrer\"><strong>Juventus<\/strong><\/a><\/span> buscar\u00e1 apuntalar su ofensiva de cara al arranque de la temporada 2017-2018 y, para ello se har\u00e1 de los servicios del atacante <strong>Patrik Schick<\/strong>, quien milita en la <strong>Sampdoria<\/strong>, al pagar los 25 millones de euros de su cl\u00e1usula de rescisi\u00f3n.<\/p>\n<p>El delantero de 21 a\u00f1os ha convertido 13 goles en 31 encuentros con la <strong>Sampdoria<\/strong>, convirti\u00e9ndose en el jugador revelaci\u00f3n de la <strong>Serie A<\/strong>, hecho que ha despertado el inter\u00e9s de <strong>Massimiliano Allegri<\/strong>. <strong>Schick<\/strong>, con sus 1.86 metros de altura domina el juego a\u00e9reo, adem\u00e1s de poseer un gran olfato goleador.<\/p>\n<p style=\"text-align: center;\"><span style=\"color: #333399;\"><a style=\"color: #333399;\" href=\"https:\/\/www.futboltotal.com.mx\/2017\/06\/jupp-heynckes-le-sugirio-a-tony-kroos-que-se-retire-pues-ya-gano-todo\/\" target=\"_blank\" rel=\"noopener noreferrer\">VER M\u00c1S:\u00a0Jupp Heynckes: \u201cKroos deber\u00eda retirarse\u201d<\/a><\/span><\/p>\n<p>De acuerdo con La Gazzetta dello Sport el traspaso del exjugador del <strong>Sparta de Praga<\/strong> a la <em>V<\/em><em>ecchia Signora<\/em> est\u00e1 cerrado, s\u00f3lo faltar\u00eda definir la forma de pago de los 25 millones de euros, mismos que el conjunto de Tur\u00edn podr\u00eda completar en dos a\u00f1os.<\/p>\n<p style=\"text-align: center;\"><span style=\"color: #333399;\"><a style=\"color: #333399;\" href=\"https:\/\/www.futboltotal.com.mx\/2017\/06\/presidente-del-celta-en-la-mira-a-jugadores-pachuca\/\" target=\"_blank\" rel=\"noopener noreferrer\">VER M\u00c1S:\u00a0Presidente del Celta tiene en la mira a m\u00e1s jugadores de Pachuca<\/a><\/span><\/p>\n","protected":false},"excerpt":{"rendered":"<p>Juventus pagar\u00e1 la cl\u00e1usula de 25 millones de euros a la Sampdoria por el atacante Patrik Schick<\/p>\n","protected":false},"author":20,"featured_media":482844,"comment_status":"closed","ping_status":"closed","sticky":false,"template":"","format":"standard","meta":[],"categories":[1],"tags":[36,8778,5999,960,8777,8780,5988,452,5958,8779,8682,8252],"_links":{"self":[{"href":"http:\/\/desarrollo.grupomedios.com\/futbol\/wp-json\/wp\/v2\/posts\/482843"}],"collection":[{"href":"http:\/\/desarrollo.grupomedios.com\/futbol\/wp-json\/wp\/v2\/posts"}],"about":[{"href":"http:\/\/desarrollo.grupomedios.com\/futbol\/wp-json\/wp\/v2\/types\/post"}],"author":[{"embeddable":true,"href":"http:\/\/desarrollo.grupomedios.com\/futbol\/wp-json\/wp\/v2\/users\/20"}],"replies":[{"embeddable":true,"href":"http:\/\/desarrollo.grupomedios.com\/futbol\/wp-json\/wp\/v2\/comments?post=482843"}],"version-history":[{"count":4,"href":"http:\/\/desarrollo.grupomedios.com\/futbol\/wp-json\/wp\/v2\/posts\/482843\/revisions"}],"predecessor-version":[{"id":482855,"href":"http:\/\/desarrollo.grupomedios.com\/futbol\/wp-json\/wp\/v2\/posts\/482843\/revisions\/482855"}],"wp:featuredmedia":[{"embeddable":true,"href":"http:\/\/desarrollo.grupomedios.com\/futbol\/wp-json\/wp\/v2\/media\/482844"}],"wp:attachment":[{"href":"http:\/\/desarrollo.grupomedios.com\/futbol\/wp-json\/wp\/v2\/media?parent=482843"}],"wp:term":[{"taxonomy":"category","embeddable":true,"href":"http:\/\/desarrollo.grupomedios.com\/futbol\/wp-json\/wp\/v2\/categories?post=482843"},{"taxonomy":"post_tag","embeddable":true,"href":"http:\/\/desarrollo.grupomedios.com\/futbol\/wp-json\/wp\/v2\/tags?post=482843"}],"curies":[{"name":"wp","href":"https:\/\/api.w.org\/{rel}","templated":true}]}}