{"id":482851,"date":"2017-06-10T12:31:43","date_gmt":"2017-06-10T17:31:43","guid":{"rendered":"https:\/\/www.futboltotal.com.mx\/?p=482851"},"modified":"2017-06-10T14:04:00","modified_gmt":"2017-06-10T19:04:00","slug":"venezolanos-y-charruas-su-20-se-dan-con-todo-en-hotel-de-concentracion","status":"publish","type":"post","link":"http:\/\/desarrollo.grupomedios.com\/futbol\/destacado-home\/venezolanos-y-charruas-su-20-se-dan-con-todo-en-hotel-de-concentracion\/2017\/06","title":{"rendered":"Jugadores de Uruguay y Venezuela Sub-20 se dan con todo en un hotel"},"content":{"rendered":"<p>El <strong>Mundial Sub-20<\/strong> est\u00e1 por terminar y vaya bronca que se arm\u00f3 entre los jugadores de las selecciones de <span style=\"color: #333399;\"><a style=\"color: #333399;\" href=\"https:\/\/www.futboltotal.com.mx\/2017\/06\/venezuela-uruguay-se-citan-en-semifinales-del-mundial-sub-20\/\" target=\"_blank\" rel=\"noopener noreferrer\"><strong>Uruguay<\/strong> y <strong>Venezuela<\/strong><\/a><\/span> en el hotel <strong>Suwon<\/strong> de<strong> Corea del Sur<\/strong>.<\/p>\n<p>Testigos presenciales informaron a la agencia <strong>AFP<\/strong> que la gresca se produjo a las 21:00 horas, luego de que los seleccionados de ambas escuadras intercambiaran insultos y golpes, sin embargo, no s\u00f3lo jugadores se habr\u00edan visto involucrados sino tambi\u00e9n el cuerpo t\u00e9cnico de ambos combinados, aunque no se revelaron nombres.<\/p>\n<p style=\"text-align: center;\"><span style=\"color: #333399;\"><a style=\"color: #333399;\" href=\"https:\/\/www.futboltotal.com.mx\/2017\/06\/lo-dejaron-chimuelo-tremenda-bronca-en-bosnia-herzegovina-vs-grecia\/\" target=\"_blank\" rel=\"noopener noreferrer\">VER M\u00c1S:\u00a0\u00a1Lo dejaron chimuelo! Tremenda bronca en el Bosnia-Herzegovina vs Grecia<\/a><\/span><\/p>\n<p><strong>AFP<\/strong> pudo constatar la presencia de una veintena de miembro de seguridad, quienes tuvieron que intervenir para calmar los \u00e1nimos.<\/p>\n<p>\u201cFue un gran problema que estuvi\u00e9ramos todos juntos en el mismo hotel. Se cruzaron las delegaciones en el hall y ya desde ese momento hubo insultos. Algunos jugadores corrieron, huno empujones y se tiraron golpes pero yo estaba lejos. Ya hablamos con FIFA para aclarar la situaci\u00f3n\u201d, coment\u00f3<strong> Aldo Gioia<\/strong>, presidente del consejo juvenil para Refer\u00ed Uruguay.<\/p>\n<p><strong>FIFA<\/strong> abrir\u00e1 un expediente disciplinario y analizar\u00e1 los v\u00eddeos del hotel, ya que el presidente de la delegaci\u00f3n uruguaya asegur\u00f3 que en la bronca se vio involucrado casi todo el plantel de la <em>Vinotinto<\/em> contra seis o siete jugadores charr\u00faas que se quedaron a saludar a sus familiares.<\/p>\n<p style=\"text-align: center;\"><span style=\"color: #333399;\"><a style=\"color: #333399;\" href=\"https:\/\/www.futboltotal.com.mx\/2017\/06\/juventus-pagara-a-la-sampdoria-la-clausula-de-patrik-schick\/\" target=\"_blank\" rel=\"noopener noreferrer\">VER M\u00c1S:\u00a0Juventus reforzar\u00e1 su ataque con Patrik Schick, delantero de la Sampdoria<\/a><\/span><\/p>\n<p>Cabe recordar que <strong>Venezuela<\/strong> se medir\u00e1 ante su similar de <strong>Inglaterra<\/strong> en la Gran Final de la <strong>Copa del Mundo Sub-20.<\/strong><\/p>\n<p>&nbsp;<\/p>\n","protected":false},"excerpt":{"rendered":"<p>Venezolanos y charr\u00faas se dan con todo en hotel de concentraci\u00f3n en Corea del Sur.<\/p>\n","protected":false},"author":20,"featured_media":482853,"comment_status":"closed","ping_status":"closed","sticky":false,"template":"","format":"standard","meta":[],"categories":[5,3839],"tags":[8784,8781,1637,361,8782,8783,185,6499,123,8785,503,633],"_links":{"self":[{"href":"http:\/\/desarrollo.grupomedios.com\/futbol\/wp-json\/wp\/v2\/posts\/482851"}],"collection":[{"href":"http:\/\/desarrollo.grupomedios.com\/futbol\/wp-json\/wp\/v2\/posts"}],"about":[{"href":"http:\/\/desarrollo.grupomedios.com\/futbol\/wp-json\/wp\/v2\/types\/post"}],"author":[{"embeddable":true,"href":"http:\/\/desarrollo.grupomedios.com\/futbol\/wp-json\/wp\/v2\/users\/20"}],"replies":[{"embeddable":true,"href":"http:\/\/desarrollo.grupomedios.com\/futbol\/wp-json\/wp\/v2\/comments?post=482851"}],"version-history":[{"count":1,"href":"http:\/\/desarrollo.grupomedios.com\/futbol\/wp-json\/wp\/v2\/posts\/482851\/revisions"}],"predecessor-version":[{"id":482854,"href":"http:\/\/desarrollo.grupomedios.com\/futbol\/wp-json\/wp\/v2\/posts\/482851\/revisions\/482854"}],"wp:featuredmedia":[{"embeddable":true,"href":"http:\/\/desarrollo.grupomedios.com\/futbol\/wp-json\/wp\/v2\/media\/482853"}],"wp:attachment":[{"href":"http:\/\/desarrollo.grupomedios.com\/futbol\/wp-json\/wp\/v2\/media?parent=482851"}],"wp:term":[{"taxonomy":"category","embeddable":true,"href":"http:\/\/desarrollo.grupomedios.com\/futbol\/wp-json\/wp\/v2\/categories?post=482851"},{"taxonomy":"post_tag","embeddable":true,"href":"http:\/\/desarrollo.grupomedios.com\/futbol\/wp-json\/wp\/v2\/tags?post=482851"}],"curies":[{"name":"wp","href":"https:\/\/api.w.org\/{rel}","templated":true}]}}