{"id":482863,"date":"2017-06-10T13:40:56","date_gmt":"2017-06-10T18:40:56","guid":{"rendered":"https:\/\/www.futboltotal.com.mx\/?p=482863"},"modified":"2017-06-10T13:40:56","modified_gmt":"2017-06-10T18:40:56","slug":"miguel-herrera-revelo-chucky-lozano","status":"publish","type":"post","link":"http:\/\/desarrollo.grupomedios.com\/futbol\/futbol-mexicano\/miguel-herrera-revelo-chucky-lozano\/2017\/06","title":{"rendered":"\u00bfPor qu\u00e9 Miguel Herrera revel\u00f3 futuro de Chucky Lozano?"},"content":{"rendered":"<p class=\"p2 selectionShareable\">El t\u00e9cnico de las <strong>\u00c1guilas del Am\u00e9rica, Miguel Herrera<\/strong> se\u00f1al\u00f3 que sus comentarios con respecto al futuro del futbolista de <strong>Pachuca<\/strong>, <strong>Hirving Lozano<\/strong>, lo escuch\u00f3 de la misma manera en que se ha enterado de otras situaciones.<\/p>\n<blockquote>\n<p class=\"p2 selectionShareable\">En conferencia de prensa, el <strong>Piojo<\/strong>\u00a0explic\u00f3 que lo dijo porque &#8220;fue algo que escuch\u00e9, as\u00ed como se oyen muchas cosas, me da mucho gusto porque es un gran jugador y se lo merece\u201d.<\/p>\n<p class=\"p2 selectionShareable\" style=\"text-align: center;\"><span style=\"color: #333399;\"><a style=\"color: #333399;\" href=\"https:\/\/www.futboltotal.com.mx\/2017\/06\/presidente-del-celta-en-la-mira-a-jugadores-pachuca\/\" target=\"_blank\" rel=\"noopener noreferrer\">VER M\u00c1S: Celta de Vigo tiene en la mira a m\u00e1s Tuzos<\/a><\/span><\/p>\n<\/blockquote>\n<p class=\"p2 selectionShareable\">Durante la transmisi\u00f3n del duelo entre\u00a0<strong>M\u00e9xico<\/strong> y <strong>Honduras<\/strong>, el estratega americanista particip\u00f3 como comentarista para la cadena Univisi\u00f3n y en una de sus intervenciones estableci\u00f3 que el <strong>Chucky<\/strong>\u00a0fue vendido al <strong>Manchester City<\/strong>, equipo que lo cedi\u00f3 al <strong>PSV Eindhoven<\/strong>.<\/p>\n<p class=\"p2 selectionShareable\">Este hecho molest\u00f3 al cuadro de <strong>Tuzos<\/strong>, quien no ha desmentido la situaci\u00f3n; sin embargo tampoco confirmaron la transacci\u00f3n.<\/p>\n<p class=\"p2 selectionShareable\">En su cuenta oficial de Twitter, <strong>Pachuca<\/strong> lanz\u00f3 una publicaci\u00f3n en la que parecen responderle a <strong>Herrera<\/strong> luego de sus declaraciones<\/p>\n<p>https:\/\/twitter.com\/Tuzos\/status\/873289607521210368<\/p>\n<p>&nbsp;<\/p>\n<p class=\"p2 selectionShareable\" style=\"text-align: center;\"><span style=\"color: #333399;\"><a style=\"color: #333399;\" href=\"https:\/\/www.futboltotal.com.mx\/2017\/06\/ex-futbolista-del-barcelona-llegaria-a-los-pumas\/\" target=\"_blank\" rel=\"noopener noreferrer\">VER M\u00c1S: El ex Barcelona que llegar\u00eda a Pumas<\/a><\/span><\/p>\n","protected":false},"excerpt":{"rendered":"<p>El estratega americanista afirm\u00f3 que el Tuzo ya estaba firmado con el City<\/p>\n","protected":false},"author":20,"featured_media":482712,"comment_status":"closed","ping_status":"closed","sticky":false,"template":"","format":"standard","meta":[],"categories":[2198,3845],"tags":[5959,6944,5196,5993,255,5968,3224],"_links":{"self":[{"href":"http:\/\/desarrollo.grupomedios.com\/futbol\/wp-json\/wp\/v2\/posts\/482863"}],"collection":[{"href":"http:\/\/desarrollo.grupomedios.com\/futbol\/wp-json\/wp\/v2\/posts"}],"about":[{"href":"http:\/\/desarrollo.grupomedios.com\/futbol\/wp-json\/wp\/v2\/types\/post"}],"author":[{"embeddable":true,"href":"http:\/\/desarrollo.grupomedios.com\/futbol\/wp-json\/wp\/v2\/users\/20"}],"replies":[{"embeddable":true,"href":"http:\/\/desarrollo.grupomedios.com\/futbol\/wp-json\/wp\/v2\/comments?post=482863"}],"version-history":[{"count":1,"href":"http:\/\/desarrollo.grupomedios.com\/futbol\/wp-json\/wp\/v2\/posts\/482863\/revisions"}],"predecessor-version":[{"id":482865,"href":"http:\/\/desarrollo.grupomedios.com\/futbol\/wp-json\/wp\/v2\/posts\/482863\/revisions\/482865"}],"wp:featuredmedia":[{"embeddable":true,"href":"http:\/\/desarrollo.grupomedios.com\/futbol\/wp-json\/wp\/v2\/media\/482712"}],"wp:attachment":[{"href":"http:\/\/desarrollo.grupomedios.com\/futbol\/wp-json\/wp\/v2\/media?parent=482863"}],"wp:term":[{"taxonomy":"category","embeddable":true,"href":"http:\/\/desarrollo.grupomedios.com\/futbol\/wp-json\/wp\/v2\/categories?post=482863"},{"taxonomy":"post_tag","embeddable":true,"href":"http:\/\/desarrollo.grupomedios.com\/futbol\/wp-json\/wp\/v2\/tags?post=482863"}],"curies":[{"name":"wp","href":"https:\/\/api.w.org\/{rel}","templated":true}]}}