{"id":482867,"date":"2017-06-10T14:14:36","date_gmt":"2017-06-10T19:14:36","guid":{"rendered":"https:\/\/www.futboltotal.com.mx\/?p=482867"},"modified":"2017-06-10T14:14:36","modified_gmt":"2017-06-10T19:14:36","slug":"delantero-brasil-sufre-escalofriante-fractura-en-rostro","status":"publish","type":"post","link":"http:\/\/desarrollo.grupomedios.com\/futbol\/futbol-internacional\/delantero-brasil-sufre-escalofriante-fractura-en-rostro\/2017\/06","title":{"rendered":"Delantero de Brasil sufre escalofriante fractura en el rostro"},"content":{"rendered":"<p class=\"selectionShareable\">El delantero de <strong>Brasil<\/strong>,\u00a0<strong>Gabriel Jes\u00fas<\/strong>, sufri\u00f3 una fractura en el rostro durante el partido que sus selecci\u00f3n sostuvo contra <strong>Argentina<\/strong>.<\/p>\n<p class=\"selectionShareable\">El jugador del <strong>Manchester City<\/strong> recibi\u00f3 un codazo por parte del argentino,\u00a0<strong>Nicol\u00e1s Otamendi<\/strong>, quien es su compa\u00f1ero de club en la Premier League.<\/p>\n<p class=\"selectionShareable\" style=\"text-align: center;\"><span style=\"color: #333399;\"><a style=\"color: #333399;\" href=\"https:\/\/www.futboltotal.com.mx\/2017\/06\/dybala-bueno-la-gente-dice-pele\/\" target=\"_blank\" rel=\"noopener noreferrer\">VER M\u00c1S: Para esta figura brasile\u00f1a, Dybala &#8220;no es tan bueno&#8221;<\/a><\/span><\/p>\n<p class=\"selectionShareable\"><strong>Gabriel Jes\u00fas<\/strong> tuvo que ser sacado en camilla de la cancha en el encuentro que su equipo perdi\u00f3 1-0 a manos de <strong>Brasil<\/strong>.<\/p>\n<p class=\"selectionShareable\">Este s\u00e1bado se le practicaron ex\u00e1menes m\u00e9dicos, los cuales revelaron una <strong>fractura<\/strong> en el hueso que protege el ojo izquierdo, indic\u00f3 la Confederaci\u00f3n Brasile\u00f1a de Futbol.<\/p>\n<p><iframe loading=\"lazy\" src=\"https:\/\/www.youtube.com\/embed\/aKWpvGJw6rY?feature=oembed\" frameborder=\"0\" allowfullscreen><\/iframe><\/p>\n<p style=\"text-align: center;\"><span style=\"color: #333399;\"><a style=\"color: #333399;\" href=\"https:\/\/www.futboltotal.com.mx\/2017\/06\/memo-ochoa-pretendido-grande-brasil\/\" target=\"_blank\" rel=\"noopener noreferrer\">VER M\u00c1S: Memo Ochoa, en la mira de un grande de Brasil<\/a><\/span><\/p>\n","protected":false},"excerpt":{"rendered":"<p>El jugador del Manchester City recibi\u00f3 un codazo de Otamendi<\/p>\n","protected":false},"author":20,"featured_media":482873,"comment_status":"closed","ping_status":"closed","sticky":false,"template":"","format":"standard","meta":[],"categories":[3839],"tags":[5996,6009,8041,5774],"_links":{"self":[{"href":"http:\/\/desarrollo.grupomedios.com\/futbol\/wp-json\/wp\/v2\/posts\/482867"}],"collection":[{"href":"http:\/\/desarrollo.grupomedios.com\/futbol\/wp-json\/wp\/v2\/posts"}],"about":[{"href":"http:\/\/desarrollo.grupomedios.com\/futbol\/wp-json\/wp\/v2\/types\/post"}],"author":[{"embeddable":true,"href":"http:\/\/desarrollo.grupomedios.com\/futbol\/wp-json\/wp\/v2\/users\/20"}],"replies":[{"embeddable":true,"href":"http:\/\/desarrollo.grupomedios.com\/futbol\/wp-json\/wp\/v2\/comments?post=482867"}],"version-history":[{"count":1,"href":"http:\/\/desarrollo.grupomedios.com\/futbol\/wp-json\/wp\/v2\/posts\/482867\/revisions"}],"predecessor-version":[{"id":482874,"href":"http:\/\/desarrollo.grupomedios.com\/futbol\/wp-json\/wp\/v2\/posts\/482867\/revisions\/482874"}],"wp:featuredmedia":[{"embeddable":true,"href":"http:\/\/desarrollo.grupomedios.com\/futbol\/wp-json\/wp\/v2\/media\/482873"}],"wp:attachment":[{"href":"http:\/\/desarrollo.grupomedios.com\/futbol\/wp-json\/wp\/v2\/media?parent=482867"}],"wp:term":[{"taxonomy":"category","embeddable":true,"href":"http:\/\/desarrollo.grupomedios.com\/futbol\/wp-json\/wp\/v2\/categories?post=482867"},{"taxonomy":"post_tag","embeddable":true,"href":"http:\/\/desarrollo.grupomedios.com\/futbol\/wp-json\/wp\/v2\/tags?post=482867"}],"curies":[{"name":"wp","href":"https:\/\/api.w.org\/{rel}","templated":true}]}}