{"id":482875,"date":"2017-06-10T14:35:37","date_gmt":"2017-06-10T19:35:37","guid":{"rendered":"https:\/\/www.futboltotal.com.mx\/?p=482875"},"modified":"2017-06-10T14:39:46","modified_gmt":"2017-06-10T19:39:46","slug":"totti-queria-despedirse-de-la-roma-fallando-un-penalti","status":"publish","type":"post","link":"http:\/\/desarrollo.grupomedios.com\/futbol\/destacado-home\/totti-queria-despedirse-de-la-roma-fallando-un-penalti\/2017\/06","title":{"rendered":"\u00a1Ins\u00f3lito! Totti quer\u00eda despedirse de la Roma de una forma muy pecuilar"},"content":{"rendered":"<p><em>Il Capitano di Roma<\/em>, <a href=\"https:\/\/www.futboltotal.com.mx\/2017\/06\/francesco-totti-anuncia-se-retira-del-futbol\/\" target=\"_blank\" rel=\"noopener noreferrer\"><span style=\"color: #333399;\"><strong>Francesco Totti<\/strong><\/span><\/a>, ten\u00eda preparada una sorpresa para la afici\u00f3n de <em>La Loba<\/em> y, es que el eterno jugador de la <strong>Roma<\/strong> quer\u00eda cobrar una pena m\u00e1xima, firmarlo y enviarlo directamente a la <em>Curva Sur<\/em>\u00a0del <strong>Estadio Ol\u00edmpico de Roma<\/strong>, as\u00ed lo confirm\u00f3 el jugador <strong>Juan Jes\u00fas<\/strong> en entrevista para Radio Atl\u00e1ntida: \u201cAntes del duelo Roma-Genoa, nos reunimos en el vestuario y dijo: Si pitan un penalti, no voy a marcar, voy a tirar la pelota a la Curva Sur\u201d.<\/p>\n<p style=\"text-align: center;\"><a href=\"https:\/\/www.futboltotal.com.mx\/2017\/06\/delantero-brasil-sufre-escalofriante-fractura-en-rostro\/\" target=\"_blank\" rel=\"noopener noreferrer\"><span style=\"color: #333399;\">VER M\u00c1S:\u00a0Delantero de Brasil sufre escalofriante fractura en el rostro<\/span><\/a><\/p>\n<p>Dicha informaci\u00f3n fue confirmada por el comentarista de Sky Sport Italia, <strong>Fabio Caressa<\/strong>: \u201cSui hubiese habido un penalti para la Roma con el partido decidido, Totti habr\u00eda cogido el bal\u00f3n, la habr\u00eda firmado y, luego la hubiera fallado a prop\u00f3sito. Lo iba a golpear directo a la Curva Sur como un regalo para los aficionados\u201d.<\/p>\n<p><span style=\"color: #333399;\"><a style=\"color: #333399;\" href=\"https:\/\/www.futboltotal.com.mx\/2017\/05\/idolos-del-futbol-mundial-francesco-totti-eterno-capitano-la-roma\/\" target=\"_blank\" rel=\"noopener noreferrer\"><strong>Totti<\/strong> <\/a><\/span>salt\u00f3 al terreno de juego al minuto 54\u00b4 por Salah con el marcador igualado a 1-1. La Roma necesitaba quedarse con la victoria para terminar en la segunda posici\u00f3n y asegurar su boleto directo a la <a href=\"https:\/\/www.futboltotal.com.mx\/2017\/06\/nuevo-estadio-del-atletico-candidato-final-champions-league-2019\/\" target=\"_blank\" rel=\"noopener noreferrer\"><span style=\"color: #333399;\"><strong>UEFA Champions League<\/strong><\/span><\/a>. Finalmente se llevaron la victoria por 3-2, pero<em> El Gladiador<\/em> no tuvo la oportunidad de capitalizar su idea.<\/p>\n<p style=\"text-align: center;\"><a href=\"https:\/\/www.futboltotal.com.mx\/2017\/06\/mariano-elizondo-nuevo-presidente-de-la-superliga-argentina\/\" target=\"_blank\" rel=\"noopener noreferrer\"><span style=\"color: #333399;\">VER M\u00c1S:\u00a0La Superliga Argentina ya tiene nuevo presidente<\/span><\/a><\/p>\n","protected":false},"excerpt":{"rendered":"<p>Francesco Totti deseaba despedirse del Ol\u00edmpico de Roma con un regalo para la afici\u00f3n<\/p>\n","protected":false},"author":20,"featured_media":481088,"comment_status":"closed","ping_status":"closed","sticky":false,"template":"","format":"standard","meta":[],"categories":[5419,5,3839],"tags":[2618,4787,36,8802,6474,8797,8800,2619,8796,8803,8798,8799,8795,8801,3472,192],"_links":{"self":[{"href":"http:\/\/desarrollo.grupomedios.com\/futbol\/wp-json\/wp\/v2\/posts\/482875"}],"collection":[{"href":"http:\/\/desarrollo.grupomedios.com\/futbol\/wp-json\/wp\/v2\/posts"}],"about":[{"href":"http:\/\/desarrollo.grupomedios.com\/futbol\/wp-json\/wp\/v2\/types\/post"}],"author":[{"embeddable":true,"href":"http:\/\/desarrollo.grupomedios.com\/futbol\/wp-json\/wp\/v2\/users\/20"}],"replies":[{"embeddable":true,"href":"http:\/\/desarrollo.grupomedios.com\/futbol\/wp-json\/wp\/v2\/comments?post=482875"}],"version-history":[{"count":1,"href":"http:\/\/desarrollo.grupomedios.com\/futbol\/wp-json\/wp\/v2\/posts\/482875\/revisions"}],"predecessor-version":[{"id":482879,"href":"http:\/\/desarrollo.grupomedios.com\/futbol\/wp-json\/wp\/v2\/posts\/482875\/revisions\/482879"}],"wp:featuredmedia":[{"embeddable":true,"href":"http:\/\/desarrollo.grupomedios.com\/futbol\/wp-json\/wp\/v2\/media\/481088"}],"wp:attachment":[{"href":"http:\/\/desarrollo.grupomedios.com\/futbol\/wp-json\/wp\/v2\/media?parent=482875"}],"wp:term":[{"taxonomy":"category","embeddable":true,"href":"http:\/\/desarrollo.grupomedios.com\/futbol\/wp-json\/wp\/v2\/categories?post=482875"},{"taxonomy":"post_tag","embeddable":true,"href":"http:\/\/desarrollo.grupomedios.com\/futbol\/wp-json\/wp\/v2\/tags?post=482875"}],"curies":[{"name":"wp","href":"https:\/\/api.w.org\/{rel}","templated":true}]}}