{"id":482885,"date":"2017-06-10T15:09:33","date_gmt":"2017-06-10T20:09:33","guid":{"rendered":"https:\/\/www.futboltotal.com.mx\/?p=482885"},"modified":"2017-06-10T17:18:42","modified_gmt":"2017-06-10T22:18:42","slug":"se-filtro-el-uniforme-de-visitante-del-barcelona","status":"publish","type":"post","link":"http:\/\/desarrollo.grupomedios.com\/futbol\/galerias\/se-filtro-el-uniforme-de-visitante-del-barcelona\/2017\/06","title":{"rendered":"Se filtr\u00f3 el uniforme que el Barcelona usar\u00e1 de visitante"},"content":{"rendered":"<p>El portal <em>Footy Headlines<\/em> revel\u00f3 la segunda equipaci\u00f3n del<span style=\"color: #333399;\"> <a style=\"color: #333399;\" href=\"https:\/\/www.futboltotal.com.mx\/2017\/06\/jeremy-mathieu-tendria-pie-y-medio-en-el-fenerbahce-turco\/\" target=\"_blank\" rel=\"noopener noreferrer\"><strong>FC Barcelona<\/strong><\/a><\/span> para le temporada 2017-18. La el\u00e1stica ser\u00eda similar al uniforme alternativo que el conjunto cul\u00e9 utiliz\u00f3 en 2016, predomina el color azul turquesa y sobresalen una peque\u00f1as l\u00edneas rojas y azules en el cuello y en los costados.<\/p>\n<p>El pasado 29 de mayo <span style=\"color: #333399;\"><a style=\"color: #333399;\" href=\"https:\/\/www.futboltotal.com.mx\/2017\/05\/barcelona-presento-nuevo-jersey-la-temporada-2017-2018\/\" target=\"_blank\" rel=\"noopener noreferrer\"><strong>Barcelona<\/strong><\/a><\/span> dio a conocer el uniforme que portar\u00e1 la pr\u00f3xima temporada y que seguir\u00e1 siendo de la marca <strong>Nike<\/strong>, destaca el logo de Rakuten en la parte frontal del jersey.<\/p>\n<p style=\"text-align: center;\"><span style=\"color: #3366ff;\"><a style=\"color: #3366ff;\" href=\"https:\/\/www.futboltotal.com.mx\/2017\/06\/juventus-ya-tendria-listo-al-sucesor-de-buffon\/\" target=\"_blank\" rel=\"noopener noreferrer\">\u00a0<strong>VER M\u00c1S:\u00a0Juventus ya tendr\u00eda listo al sucesor de Buffon<\/strong><\/a><\/span><\/p>\n<div id=\"galleryy9q\" style=\"display:none;\"><img alt=\"\" src=\"http:\/\/desarrollo.grupomedios.com\/futbol\/wp-content\/uploads\/2017\/06\/jersey-barcelona.jpg\" data-image=\"http:\/\/desarrollo.grupomedios.com\/futbol\/wp-content\/uploads\/2017\/06\/jersey-barcelona.jpg\" data-description=\"jersey-barcelona\"><img alt=\"\" src=\"http:\/\/desarrollo.grupomedios.com\/futbol\/wp-content\/uploads\/2017\/06\/jersey-barcelona-1.jpg\" data-image=\"http:\/\/desarrollo.grupomedios.com\/futbol\/wp-content\/uploads\/2017\/06\/jersey-barcelona-1.jpg\" data-description=\"jersey-barcelona-1\"><img alt=\"\" src=\"http:\/\/desarrollo.grupomedios.com\/futbol\/wp-content\/uploads\/2017\/06\/jersey-barcelona-2.jpg\" data-image=\"http:\/\/desarrollo.grupomedios.com\/futbol\/wp-content\/uploads\/2017\/06\/jersey-barcelona-2.jpg\" data-description=\"jersey-barcelona-2\"><\/div>\n        <script>\n        \/\/galeria 1\n        jQuery(document).ready(function(){ \n            var api;\n            api = jQuery(\"#galleryy9q\").unitegallery({\n                carousel_autoplay: false\n            }); \n        });\n        <\/script>\n        \n","protected":false},"excerpt":{"rendered":"<p>Footy Headlines revel\u00f3 la segunda equipaci\u00f3n del Barcelona para la pr\u00f3xima temporada.<\/p>\n","protected":false},"author":20,"featured_media":434660,"comment_status":"closed","ping_status":"closed","sticky":false,"template":"","format":"standard","meta":[],"categories":[6410,3839,3],"tags":[2086,911,8806,1083,8805,377,8804,8807,2127,3363],"_links":{"self":[{"href":"http:\/\/desarrollo.grupomedios.com\/futbol\/wp-json\/wp\/v2\/posts\/482885"}],"collection":[{"href":"http:\/\/desarrollo.grupomedios.com\/futbol\/wp-json\/wp\/v2\/posts"}],"about":[{"href":"http:\/\/desarrollo.grupomedios.com\/futbol\/wp-json\/wp\/v2\/types\/post"}],"author":[{"embeddable":true,"href":"http:\/\/desarrollo.grupomedios.com\/futbol\/wp-json\/wp\/v2\/users\/20"}],"replies":[{"embeddable":true,"href":"http:\/\/desarrollo.grupomedios.com\/futbol\/wp-json\/wp\/v2\/comments?post=482885"}],"version-history":[{"count":3,"href":"http:\/\/desarrollo.grupomedios.com\/futbol\/wp-json\/wp\/v2\/posts\/482885\/revisions"}],"predecessor-version":[{"id":482928,"href":"http:\/\/desarrollo.grupomedios.com\/futbol\/wp-json\/wp\/v2\/posts\/482885\/revisions\/482928"}],"wp:featuredmedia":[{"embeddable":true,"href":"http:\/\/desarrollo.grupomedios.com\/futbol\/wp-json\/wp\/v2\/media\/434660"}],"wp:attachment":[{"href":"http:\/\/desarrollo.grupomedios.com\/futbol\/wp-json\/wp\/v2\/media?parent=482885"}],"wp:term":[{"taxonomy":"category","embeddable":true,"href":"http:\/\/desarrollo.grupomedios.com\/futbol\/wp-json\/wp\/v2\/categories?post=482885"},{"taxonomy":"post_tag","embeddable":true,"href":"http:\/\/desarrollo.grupomedios.com\/futbol\/wp-json\/wp\/v2\/tags?post=482885"}],"curies":[{"name":"wp","href":"https:\/\/api.w.org\/{rel}","templated":true}]}}