{"id":482890,"date":"2017-06-10T16:19:58","date_gmt":"2017-06-10T21:19:58","guid":{"rendered":"https:\/\/www.futboltotal.com.mx\/?p=482890"},"modified":"2017-06-10T16:27:14","modified_gmt":"2017-06-10T21:27:14","slug":"batman-se-presente-en-futbol","status":"publish","type":"post","link":"http:\/\/desarrollo.grupomedios.com\/futbol\/cambio-de-juego\/batman-se-presente-en-futbol\/2017\/06","title":{"rendered":"Batman tambi\u00e9n se hace presente en el futbol"},"content":{"rendered":"<p>William West Anderson, mejor conocido como <strong>Adam West<\/strong>, quien diera vida al m\u00edtico superh\u00e9roe, <strong>Batman<\/strong>, falleci\u00f3 a la edad de 60 a\u00f1os. Dejando con el grandes recuerdos de la serie que dur\u00f3 de 1966 a 1968.<\/p>\n<p>En el mundo el futbol el <strong>&#8216;Hombre murci\u00e9lago&#8217;<\/strong> ha aparecido, ya sea en la indumentaria\u00a0de los protagonistas, como apodo o incluso, se han presentado enmascarados dentro del terreno:<\/p>\n<p><strong>Pablo Aurrecochea<\/strong><\/p>\n<p>El arquero uruguayo de 36 a\u00f1os, siempre se ha caracterizado por utilizar indumentarias extravagantes con dibujos animados.<\/p>\n<p>En 2010 fue pieza fundamental en la victoria que consigui\u00f3 su equipo de aquel entonces,\u00a0Guaran\u00ed de Paraguay, ante el River Plate de Uruguay en la Copa Sudamericana. Sin embargo, lo que m\u00e1s llam\u00f3 la atenci\u00f3n, es que sali\u00f3 con una <strong>indumentaria de Batman<\/strong>.<\/p>\n<p><a href=\"https:\/\/www.futboltotal.com.mx\/wp-content\/uploads\/2017\/06\/pablo-batman.jpg\"><img decoding=\"async\" loading=\"lazy\" class=\"size-medium wp-image-482895 aligncenter\" src=\"https:\/\/www.futboltotal.com.mx\/wp-content\/uploads\/2017\/06\/pablo-batman-300x200.jpg\" alt=\"Batman tambi\u00e9n se hace presente en el futbol 0\" srcset=\"http:\/\/desarrollo.grupomedios.com\/futbol\/wp-content\/uploads\/2017\/06\/pablo-batman-300x200.jpg 300w, http:\/\/desarrollo.grupomedios.com\/futbol\/wp-content\/uploads\/2017\/06\/pablo-batman.jpg 500w\" sizes=\"(max-width: 300px) 100vw, 300px\" \/><\/a><\/p>\n<p>&nbsp;<\/p>\n<p style=\"text-align: center;\"><span style=\"color: #333399;\"><a style=\"color: #333399;\" href=\"https:\/\/www.futboltotal.com.mx\/2017\/06\/presidente-del-celta-en-la-mira-a-jugadores-pachuca\/\" target=\"_blank\" rel=\"noopener noreferrer\">VER M\u00c1S: Celta va por m\u00e1s jugadores Tuzos<\/a><\/span><\/p>\n<p><strong>Batman, el goleador<\/strong><\/p>\n<p>Durante la \u00e9poca de 200 a 2004, el PSV Eindhoven tuvo un delantero serbio llamado <strong>Mateja Kezman<\/strong>, quien anot\u00f3 146 goles para el club holand\u00e9s.<\/p>\n<p>Durante su etapa con los <em>granjeros\u00a0<\/em>se le conoc\u00eda con el apodo de Batman, esto debido a que cada vez que marcaba un gol\u00a0en el Philips Stadion sonaba la melod\u00eda de la serie Batman, aquella que protagonizaba Adam West.<\/p>\n<p><iframe loading=\"lazy\" src=\"https:\/\/www.youtube.com\/embed\/566GoB3dv9U?feature=oembed\" frameborder=\"0\" allowfullscreen><\/iframe><\/p>\n<p><strong>De Conejo a Batman<\/strong><\/p>\n<p>En el futbol mexicano, se dio el caso cuando, debido a la promoci\u00f3n de la pel\u00edcula <strong>Batman vs Superman<\/strong>, varios jugadores de la <strong>Liga MX<\/strong> usaron zapatos con logos alusivos a ambos superh\u00e9roes para la jornada 11 del Clausura 2016.<\/p>\n<p>Uno de ellos,\u00a0<strong>Jos\u00e9 de Jes\u00fas Corona<\/strong>, portero de <strong>Cruz Azul<\/strong>, quien subi\u00f3 a su cuenta de Twitter una fotograf\u00eda mostrando el calzado con el logo\u00a0de <strong>Batman<\/strong> y otro con el de Superman.<\/p>\n<blockquote class=\"twitter-tweet\" data-width=\"500\">\n<p lang=\"es\" dir=\"ltr\">Dif\u00edcil decisi\u00f3n&#8230; Batman o Superman? Ustedes cu\u00e1l elegir\u00edan? <a href=\"https:\/\/t.co\/AV7SNgw7A8\">pic.twitter.com\/AV7SNgw7A8<\/a><\/p>\n<p>&mdash; Jesus Corona (@jesuscorona01) <a href=\"https:\/\/twitter.com\/jesuscorona01\/status\/711318806807719936\">March 19, 2016<\/a><\/p><\/blockquote>\n<p><script async src=\"\/\/platform.twitter.com\/widgets.js\" charset=\"utf-8\"><\/script><\/p>\n<p>Mientras que el <strong>Conejo P\u00e9rez<\/strong>, guardameta de <strong>Pachuca<\/strong>, sali\u00f3 a jugar ante <strong>Veracruz<\/strong> con los zapatos que llevaban el logo de <strong>Batman<\/strong>. Otros futbolistas que se inclinaron por el murci\u00e9lago fueron;\u00a0<strong>Jonny Magall\u00f3n<\/strong>, entonces defensa de Le\u00f3n y\u00a0 <strong>Christian Mart\u00ednez<\/strong>, tambi\u00e9n de los Panzas Verdes.<\/p>\n<p>https:\/\/twitter.com\/Oscar_Conejo21\/status\/711354030618861569<\/p>\n<p style=\"text-align: center;\"><span style=\"color: #333399;\"><a style=\"color: #333399;\" href=\"https:\/\/www.futboltotal.com.mx\/2017\/06\/man-united-teme-que-el-madrid-no-suelte-a-morata-por-caso-de-gea\/\" target=\"_blank\" rel=\"noopener noreferrer\">VER M\u00c1S: Manchester United preocupado por pase de Morata<\/a><\/span><\/p>\n<p><strong>El Valencia y su pleito con Batman<\/strong><\/p>\n<p>En 2014 el\u00a0<strong>Valencia CF<\/strong> tuvo que declinar un logotipo de murci\u00e9lago que hab\u00eda lanzado para incorporarlo a una l\u00ednea de ropa casual, luego que\u00a0<strong>DC Comics<\/strong> indic\u00f3 que se parec\u00eda demasiado al logo de su superh\u00e9roe, <strong>Batman<\/strong>.<\/p>\n<p>Sin embargo, nunca existi\u00f3 una demanda formal o proceso legal por parte de DC Comics en contra del Valencia.<\/p>\n<p>El escudo que utiliza el Valencia fue incorporado en el a\u00f1o 1922 por lo que\u00a0se encuentran protegidos mediante marcas comunitarias internacionales y jam\u00e1s ha sido cuestionado su uso.<\/p>\n<p><a href=\"https:\/\/www.futboltotal.com.mx\/wp-content\/uploads\/2017\/06\/batman-vs-valencia.jpg\"><img decoding=\"async\" loading=\"lazy\" class=\"size-medium wp-image-482897 aligncenter\" src=\"https:\/\/www.futboltotal.com.mx\/wp-content\/uploads\/2017\/06\/batman-vs-valencia-300x200.jpg\" alt=\"Batman tambi\u00e9n se hace presente en el futbol 1\" srcset=\"http:\/\/desarrollo.grupomedios.com\/futbol\/wp-content\/uploads\/2017\/06\/batman-vs-valencia-300x200.jpg 300w, http:\/\/desarrollo.grupomedios.com\/futbol\/wp-content\/uploads\/2017\/06\/batman-vs-valencia.jpg 420w\" sizes=\"(max-width: 300px) 100vw, 300px\" \/><\/a><\/p>\n<div class=\"cuerpo_articulo\"><\/div>\n<div id=\"f8-below\"><\/div>\n<div><strong>El festejo de Batman y Robin<\/strong><\/div>\n<div><\/div>\n<div>Los jugadores del <strong>Borussia Dortmund<\/strong>, <strong>Pierre-Emerick Aubameyang<\/strong> y <strong>Marco Reus<\/strong> realizaron un peculiar festejo en el\u00a0&#8220;derbi del Ruhr&#8221; contra Schalke 04, a quien vencieron 3-0, esto en la temporada de 2015.<\/div>\n<div><\/div>\n<div>El gabon\u00e9s se puso la m\u00e1scara de <strong>Batman<\/strong>, mientras que Reus utiliz\u00f3 el antifaz de <strong>Robin<\/strong> para celebrar la anotaci\u00f3n que significaba el 1-0 parcial.<\/div>\n<div><\/div>\n<div><\/div>\n<div><\/div>\n<div><\/div>\n<div><\/div>\n<div><\/div>\n<div><\/div>\n<div><\/div>\n<p>&nbsp;<\/p>\n<p>&nbsp;<\/p>\n<p>&nbsp;<\/p>\n<div class=\"SandboxRoot env-bp-350\" data-twitter-event-id=\"0\"><\/div>\n","protected":false},"excerpt":{"rendered":"<p>Recordamos aquellos momento en que el murci\u00e9lago se meti\u00f3 a la cancha<\/p>\n","protected":false},"author":159,"featured_media":482906,"comment_status":"closed","ping_status":"closed","sticky":false,"template":"","format":"standard","meta":[],"categories":[5419],"tags":[8819,5861,6392,4410,8820,4904,87],"_links":{"self":[{"href":"http:\/\/desarrollo.grupomedios.com\/futbol\/wp-json\/wp\/v2\/posts\/482890"}],"collection":[{"href":"http:\/\/desarrollo.grupomedios.com\/futbol\/wp-json\/wp\/v2\/posts"}],"about":[{"href":"http:\/\/desarrollo.grupomedios.com\/futbol\/wp-json\/wp\/v2\/types\/post"}],"author":[{"embeddable":true,"href":"http:\/\/desarrollo.grupomedios.com\/futbol\/wp-json\/wp\/v2\/users\/159"}],"replies":[{"embeddable":true,"href":"http:\/\/desarrollo.grupomedios.com\/futbol\/wp-json\/wp\/v2\/comments?post=482890"}],"version-history":[{"count":5,"href":"http:\/\/desarrollo.grupomedios.com\/futbol\/wp-json\/wp\/v2\/posts\/482890\/revisions"}],"predecessor-version":[{"id":482912,"href":"http:\/\/desarrollo.grupomedios.com\/futbol\/wp-json\/wp\/v2\/posts\/482890\/revisions\/482912"}],"wp:featuredmedia":[{"embeddable":true,"href":"http:\/\/desarrollo.grupomedios.com\/futbol\/wp-json\/wp\/v2\/media\/482906"}],"wp:attachment":[{"href":"http:\/\/desarrollo.grupomedios.com\/futbol\/wp-json\/wp\/v2\/media?parent=482890"}],"wp:term":[{"taxonomy":"category","embeddable":true,"href":"http:\/\/desarrollo.grupomedios.com\/futbol\/wp-json\/wp\/v2\/categories?post=482890"},{"taxonomy":"post_tag","embeddable":true,"href":"http:\/\/desarrollo.grupomedios.com\/futbol\/wp-json\/wp\/v2\/tags?post=482890"}],"curies":[{"name":"wp","href":"https:\/\/api.w.org\/{rel}","templated":true}]}}