{"id":482983,"date":"2017-06-11T10:11:38","date_gmt":"2017-06-11T15:11:38","guid":{"rendered":"https:\/\/www.futboltotal.com.mx\/?p=482983"},"modified":"2017-06-11T10:13:50","modified_gmt":"2017-06-11T15:13:50","slug":"verratti-quiere-irse-del-psg-para-jugar-con-el-barcelona","status":"publish","type":"post","link":"http:\/\/desarrollo.grupomedios.com\/futbol\/futbol-internacional\/verratti-quiere-irse-del-psg-para-jugar-con-el-barcelona\/2017\/06","title":{"rendered":"Verratti pide al PSG que lo dejen marcharse al Barcelona"},"content":{"rendered":"<p>El futbolista italiano <a href=\"https:\/\/www.futboltotal.com.mx\/2017\/03\/xavi-recomienda-al-barcelona-fichar-a-verratti\/\" target=\"_blank\" rel=\"noopener noreferrer\"><span style=\"color: #333399;\"><strong>Marco Verratti<\/strong><\/span><\/a> no desea continuar en el<a href=\"https:\/\/www.futboltotal.com.mx\/2017\/04\/barcelona-psg-planean-intercambio-jugadores\/\" target=\"_blank\" rel=\"noopener noreferrer\"><span style=\"color: #333399;\"><strong> PSG<\/strong> <\/span><\/a>de la <strong>Ligue 1<\/strong>, raz\u00f3n por la cual le habr\u00eda pedido a la dirigencia del conjunto parisino, a trav\u00e9s del nuevo director deportivo <strong>Antero Henrique<\/strong>, que le permitan marcharse al <span style=\"color: #333399;\"><a style=\"color: #333399;\" href=\"https:\/\/www.futboltotal.com.mx\/2017\/06\/se-filtro-el-uniforme-de-visitante-del-barcelona\/\" target=\"_blank\" rel=\"noopener noreferrer\"><strong>Barcelona<\/strong><\/a><\/span> este verano.<\/p>\n<p>La informaci\u00f3n difundida por el diario L\u00b4Equipe, coloca al mediocampista como uno de los primeros objetivos del <strong>FC Barcelona<\/strong> para la temporada 2017-18. S\u00f3lo faltar\u00eda conocer la respuesta del conjunto franc\u00e9s a la petici\u00f3n de <strong>Verratti<\/strong> para que el cuadro cul\u00e9 inicie la negociaci\u00f3n que en primera instancia luce complicada, entendi\u00e9ndose que <strong>Nasser Al-Khelaifi<\/strong>, presidente del <strong>PSG<\/strong>, no permitir\u00eda la salida de una de sus piezas claves en el proyecto.<\/p>\n<p style=\"text-align: center;\"><span style=\"color: #333399;\"><a style=\"color: #333399;\" href=\"https:\/\/www.futboltotal.com.mx\/2017\/06\/infantino-descarto-que-el-mundial-de-qatar-este-en-riesgo\/\" target=\"_blank\" rel=\"noopener noreferrer\">VER M\u00c1S:\u00a0Infantino descart\u00f3 que el Mundial de Qatar est\u00e9 en riesgo<\/a><\/span><\/p>\n<p>El mediocampista de 24 a\u00f1os de edad y por quien el <strong>PSG<\/strong> pag\u00f3 12 millones de euros al <strong>Pescara<\/strong> de la <strong>Serie A<\/strong>, ha estado en la \u00f3rbita del cuadro blaugrana desde hace varios meses ante la necesidad de reforzar su medio campo. Hasta el momento no ha habido ning\u00fan acercamiento de la escuadra espa\u00f1ola con el mediocentro italiano, quien para llegar al Bar\u00e7a tendr\u00edan que ofrecer cerca de 90 millones de euros.<\/p>\n<p style=\"text-align: center;\"><span style=\"color: #333399;\"><a style=\"color: #333399;\" href=\"https:\/\/www.futboltotal.com.mx\/2017\/06\/ramos-habia-jugado-cuartos-champions-mi-mourinho\/\" target=\"_blank\" rel=\"noopener noreferrer\">VER M\u00c1S:\u00a0Ramos no hab\u00eda jugado Cuartos de Champions antes de m\u00ed: Mourinho<\/a><\/span><\/p>\n<p>&nbsp;<\/p>\n","protected":false},"excerpt":{"rendered":"<p>Verratti se quiere ir del PSG para jugar con el Bar\u00e7a<\/p>\n","protected":false},"author":20,"featured_media":482984,"comment_status":"closed","ping_status":"closed","sticky":false,"template":"","format":"standard","meta":[],"categories":[3839],"tags":[2086,5984,1083,413,8833,408,8834,4086,3944,8832,1376,494,114,5958,8831],"_links":{"self":[{"href":"http:\/\/desarrollo.grupomedios.com\/futbol\/wp-json\/wp\/v2\/posts\/482983"}],"collection":[{"href":"http:\/\/desarrollo.grupomedios.com\/futbol\/wp-json\/wp\/v2\/posts"}],"about":[{"href":"http:\/\/desarrollo.grupomedios.com\/futbol\/wp-json\/wp\/v2\/types\/post"}],"author":[{"embeddable":true,"href":"http:\/\/desarrollo.grupomedios.com\/futbol\/wp-json\/wp\/v2\/users\/20"}],"replies":[{"embeddable":true,"href":"http:\/\/desarrollo.grupomedios.com\/futbol\/wp-json\/wp\/v2\/comments?post=482983"}],"version-history":[{"count":3,"href":"http:\/\/desarrollo.grupomedios.com\/futbol\/wp-json\/wp\/v2\/posts\/482983\/revisions"}],"predecessor-version":[{"id":482987,"href":"http:\/\/desarrollo.grupomedios.com\/futbol\/wp-json\/wp\/v2\/posts\/482983\/revisions\/482987"}],"wp:featuredmedia":[{"embeddable":true,"href":"http:\/\/desarrollo.grupomedios.com\/futbol\/wp-json\/wp\/v2\/media\/482984"}],"wp:attachment":[{"href":"http:\/\/desarrollo.grupomedios.com\/futbol\/wp-json\/wp\/v2\/media?parent=482983"}],"wp:term":[{"taxonomy":"category","embeddable":true,"href":"http:\/\/desarrollo.grupomedios.com\/futbol\/wp-json\/wp\/v2\/categories?post=482983"},{"taxonomy":"post_tag","embeddable":true,"href":"http:\/\/desarrollo.grupomedios.com\/futbol\/wp-json\/wp\/v2\/tags?post=482983"}],"curies":[{"name":"wp","href":"https:\/\/api.w.org\/{rel}","templated":true}]}}