{"id":482990,"date":"2017-06-11T10:44:54","date_gmt":"2017-06-11T15:44:54","guid":{"rendered":"https:\/\/www.futboltotal.com.mx\/?p=482990"},"modified":"2017-06-11T10:44:54","modified_gmt":"2017-06-11T15:44:54","slug":"tonto-del-real-madrid-trofeos-buffon","status":"publish","type":"post","link":"http:\/\/desarrollo.grupomedios.com\/futbol\/futbol-internacional\/tonto-del-real-madrid-trofeos-buffon\/2017\/06","title":{"rendered":"El m\u00e1s tonto del Real Madrid tiene m\u00e1s trofeos que yo: Buffon"},"content":{"rendered":"<p><strong>Gianluigi Buffon<\/strong> realiz\u00f3 declaraciones fuertes entorno a lo que sucedi\u00f3 en la final de la <strong>Champions League<\/strong>, luego que se le cuestionara sobre la derrota de la <strong>Juventus<\/strong>.<\/p>\n<blockquote><p>&#8220;Incluso el m\u00e1s tonto del Real Madrid tiene m\u00e1s trofeos y apariciones en grandes finales que yo&#8221;, expres\u00f3 Buffon en conferencia de prensa, correspondiente a la selecci\u00f3n de Italia.<\/p>\n<p style=\"text-align: center;\"><span style=\"color: #333399;\"><a style=\"color: #333399;\" href=\"https:\/\/www.futboltotal.com.mx\/2017\/06\/juventus-ya-tendria-listo-al-sucesor-de-buffon\/\" target=\"_blank\" rel=\"noopener noreferrer\">VER M\u00c1S: Juventus ya tiene al &#8216;heredero&#8217; de Buffon<\/a><\/span><\/p>\n<\/blockquote>\n<p>Adem\u00e1s, &#8220;Gigi&#8221; carg\u00f3 en contra de aquellos italianos que disfrutaron de la derrota de la <strong>Juventus<\/strong>.<\/p>\n<p>&#8220;Honestamente <strong>estoy orgulloso<\/strong> de no ser como los <strong>italianos<\/strong> que celebraron despu\u00e9s que la &#8216;Juve&#8217; perdi\u00f3 la final en <strong>Cardiff<\/strong>&#8220;, indic\u00f3 el guardameta.<\/p>\n<p>Sin embargo, tambi\u00e9n se dio tiempo de alabar lo que ha realizado a lo largo de su longeva trayectoria, pues ha tenido momentos de gloria y otros de derrota.<\/p>\n<p style=\"text-align: center;\"><span style=\"color: #333399;\"><a style=\"color: #333399;\" href=\"https:\/\/www.futboltotal.com.mx\/2017\/06\/director-tecnico-mexicano-llegara-al-banquillo-juventus\/\" target=\"_blank\" rel=\"noopener noreferrer\">VER M\u00c1S: \u00a1DT mexicano llega a la Juventus!<\/a><\/span><\/p>\n<p>&#8220;La carrera de un deportista est\u00e1 compuesta por victorias y derrotas, <strong>he ganado mucho<\/strong> en mi tiempo y he perdido un poco tambi\u00e9n&#8221;, indic\u00f3.<\/p>\n<p>Por \u00faltimo, al respecto de su inevitable despedida de las canchas, indic\u00f3 que por el momento solo piensa en su equipo y selecci\u00f3n.<\/p>\n<p>&#8220;<strong>No soy eterno<\/strong> y nunca pens\u00e9 que lo fuera, pienso en el grupo de la <strong>Juventus<\/strong> y la <strong>Nazionale<\/strong>&#8220;, estableci\u00f3.<\/p>\n<p style=\"text-align: center;\"><span style=\"color: #333399;\"><a style=\"color: #333399;\" href=\"https:\/\/www.futboltotal.com.mx\/2017\/06\/juventus-pagara-a-la-sampdoria-la-clausula-de-patrik-schick\/\" target=\"_blank\" rel=\"noopener noreferrer\">VER M\u00c1S: La &#8216;Juve&#8217; tiene refuerzo y proviene de la Sampdoria<\/a><\/span><\/p>\n<pre id=\"tw-target-text\" class=\"tw-data-text tw-ta tw-text-small\" dir=\"ltr\" data-placeholder=\"Traducci\u00f3n\" data-fulltext=\"\"><\/pre>\n","protected":false},"excerpt":{"rendered":"<p>El arquero habl\u00f3 sobre la final de Champions que perdi\u00f3 la Juve <\/p>\n","protected":false},"author":20,"featured_media":436560,"comment_status":"closed","ping_status":"closed","sticky":false,"template":"","format":"standard","meta":[],"categories":[3841,3839],"tags":[36,6027,5999,5988],"_links":{"self":[{"href":"http:\/\/desarrollo.grupomedios.com\/futbol\/wp-json\/wp\/v2\/posts\/482990"}],"collection":[{"href":"http:\/\/desarrollo.grupomedios.com\/futbol\/wp-json\/wp\/v2\/posts"}],"about":[{"href":"http:\/\/desarrollo.grupomedios.com\/futbol\/wp-json\/wp\/v2\/types\/post"}],"author":[{"embeddable":true,"href":"http:\/\/desarrollo.grupomedios.com\/futbol\/wp-json\/wp\/v2\/users\/20"}],"replies":[{"embeddable":true,"href":"http:\/\/desarrollo.grupomedios.com\/futbol\/wp-json\/wp\/v2\/comments?post=482990"}],"version-history":[{"count":1,"href":"http:\/\/desarrollo.grupomedios.com\/futbol\/wp-json\/wp\/v2\/posts\/482990\/revisions"}],"predecessor-version":[{"id":482997,"href":"http:\/\/desarrollo.grupomedios.com\/futbol\/wp-json\/wp\/v2\/posts\/482990\/revisions\/482997"}],"wp:featuredmedia":[{"embeddable":true,"href":"http:\/\/desarrollo.grupomedios.com\/futbol\/wp-json\/wp\/v2\/media\/436560"}],"wp:attachment":[{"href":"http:\/\/desarrollo.grupomedios.com\/futbol\/wp-json\/wp\/v2\/media?parent=482990"}],"wp:term":[{"taxonomy":"category","embeddable":true,"href":"http:\/\/desarrollo.grupomedios.com\/futbol\/wp-json\/wp\/v2\/categories?post=482990"},{"taxonomy":"post_tag","embeddable":true,"href":"http:\/\/desarrollo.grupomedios.com\/futbol\/wp-json\/wp\/v2\/tags?post=482990"}],"curies":[{"name":"wp","href":"https:\/\/api.w.org\/{rel}","templated":true}]}}