{"id":483005,"date":"2017-06-11T11:55:54","date_gmt":"2017-06-11T16:55:54","guid":{"rendered":"https:\/\/www.futboltotal.com.mx\/?p=483005"},"modified":"2017-06-11T15:06:05","modified_gmt":"2017-06-11T20:06:05","slug":"malouda-jugaria-copa-oro-con-guayana","status":"publish","type":"post","link":"http:\/\/desarrollo.grupomedios.com\/futbol\/destacado-home\/malouda-jugaria-copa-oro-con-guayana\/2017\/06","title":{"rendered":"Malouda podr\u00eda jugar Copa Oro y no precisamente con Francia"},"content":{"rendered":"<p>El experimentado jugador franc\u00e9s, <strong>Florent Malouda<\/strong>, podr\u00eda jugar la pr\u00f3xima <strong>Copa Oro<\/strong> y no precisamente con <strong>Francia<\/strong> sino con <strong>Guayana Francesa<\/strong>, luego de que su nombre fuera incluido en la lista de jugadores que disputar\u00e1n el certamen regional.<\/p>\n<p>El futbolista galo, quien formara parte de la <a href=\"https:\/\/www.futboltotal.com.mx\/2017\/05\/benzema-borrado-la-convocatoria-francia\/\" target=\"_blank\" rel=\"noopener noreferrer\"><span style=\"color: #333399;\"><strong>Selecci\u00f3n de Francia<\/strong><\/span><\/a> en las <strong>Copas del Mundo de Alemania 2006<\/strong> y <strong>Sud\u00e1frica 2010<\/strong>, as\u00ed como en las ediciones de 2008 y 2012 de la <strong>Eurocopa<\/strong>, no podr\u00eda jugar con la <strong>Selecci\u00f3n de Guayana<\/strong> seg\u00fan los estatutos de<strong> FIFA<\/strong>.<\/p>\n<p style=\"text-align: center;\"><a href=\"https:\/\/www.futboltotal.com.mx\/2017\/06\/tecatito-corona-causa-baja-del-tri-cofederaciones\/\" target=\"_blank\" rel=\"noopener noreferrer\"><span style=\"color: #333399;\">VER M\u00c1S:\u00a0Tecatito Corona causa baja del Tri para Cofederaciones<\/span><\/a><\/p>\n<p>En el caso de <strong>Malouda<\/strong> habr\u00eda una excepci\u00f3n ya que <strong>Guayana Francesa<\/strong> forma parte de <a href=\"https:\/\/www.futboltotal.com.mx\/2017\/05\/dt-francia-pide-a-mbappe-salga-del-monaco-quiere-ir-al-mundial\/\" target=\"_blank\" rel=\"noopener noreferrer\"><span style=\"color: #333399;\"><strong>Francia<\/strong><\/span><\/a> y la raz\u00f3n por la que podr\u00eda ver acci\u00f3n en la justa es porque la selecci\u00f3n centroamericana no est\u00e1 asociada a la <strong>FIFA<\/strong>, pero si a <strong>CONCACAF,<\/strong> ya que cabe recordar que ning\u00fan jugador puede disputar partidos oficiales con dos selecciones mayores.<\/p>\n<p style=\"text-align: center;\"><a href=\"https:\/\/www.futboltotal.com.mx\/2017\/06\/tonto-del-real-madrid-trofeos-buffon\/\" target=\"_blank\" rel=\"noopener noreferrer\"><span style=\"color: #333399;\">VER M\u00c1S:\u00a0El m\u00e1s tonto del Real Madrid tiene m\u00e1s trofeos que yo: Buffon<\/span><\/a><\/p>\n","protected":false},"excerpt":{"rendered":"<p>Malouda podr\u00eda jugar con dos selecciones mayores<\/p>\n","protected":false},"author":20,"featured_media":483007,"comment_status":"closed","ping_status":"closed","sticky":false,"template":"","format":"standard","meta":[],"categories":[5,3839],"tags":[6319,282,125,2236,361,8845,413,8847,8848,8846,2749,5068],"_links":{"self":[{"href":"http:\/\/desarrollo.grupomedios.com\/futbol\/wp-json\/wp\/v2\/posts\/483005"}],"collection":[{"href":"http:\/\/desarrollo.grupomedios.com\/futbol\/wp-json\/wp\/v2\/posts"}],"about":[{"href":"http:\/\/desarrollo.grupomedios.com\/futbol\/wp-json\/wp\/v2\/types\/post"}],"author":[{"embeddable":true,"href":"http:\/\/desarrollo.grupomedios.com\/futbol\/wp-json\/wp\/v2\/users\/20"}],"replies":[{"embeddable":true,"href":"http:\/\/desarrollo.grupomedios.com\/futbol\/wp-json\/wp\/v2\/comments?post=483005"}],"version-history":[{"count":1,"href":"http:\/\/desarrollo.grupomedios.com\/futbol\/wp-json\/wp\/v2\/posts\/483005\/revisions"}],"predecessor-version":[{"id":483008,"href":"http:\/\/desarrollo.grupomedios.com\/futbol\/wp-json\/wp\/v2\/posts\/483005\/revisions\/483008"}],"wp:featuredmedia":[{"embeddable":true,"href":"http:\/\/desarrollo.grupomedios.com\/futbol\/wp-json\/wp\/v2\/media\/483007"}],"wp:attachment":[{"href":"http:\/\/desarrollo.grupomedios.com\/futbol\/wp-json\/wp\/v2\/media?parent=483005"}],"wp:term":[{"taxonomy":"category","embeddable":true,"href":"http:\/\/desarrollo.grupomedios.com\/futbol\/wp-json\/wp\/v2\/categories?post=483005"},{"taxonomy":"post_tag","embeddable":true,"href":"http:\/\/desarrollo.grupomedios.com\/futbol\/wp-json\/wp\/v2\/tags?post=483005"}],"curies":[{"name":"wp","href":"https:\/\/api.w.org\/{rel}","templated":true}]}}