{"id":483011,"date":"2017-06-11T12:36:30","date_gmt":"2017-06-11T17:36:30","guid":{"rendered":"https:\/\/www.futboltotal.com.mx\/?p=483011"},"modified":"2017-06-11T15:05:50","modified_gmt":"2017-06-11T20:05:50","slug":"damm-tomara-lugar-tecatito-en-confederaciones","status":"publish","type":"post","link":"http:\/\/desarrollo.grupomedios.com\/futbol\/destacado-home\/damm-tomara-lugar-tecatito-en-confederaciones\/2017\/06","title":{"rendered":"Damm tomar\u00e1 el lugar de Tecatito en Confederaciones"},"content":{"rendered":"<p>El futbolista de Tigres,\u00a0<b>J\u00fcrgen Damm<\/b>, llenar\u00e1 el hueco que dej\u00f3\u00a0<strong>Jes\u00fas Manuel &#8216;Tecatito&#8217; Corona<\/strong> en la Selecci\u00f3n Mexicana para jugar la <strong>Copa Condeferaciones<\/strong> de <strong>Rusia 2017<\/strong>, de acuerdo con <strong>Medio Tiempo\u00a0<\/strong>y <strong>R\u00e9cord.<\/strong><\/p>\n<p>El t\u00e9cnico <strong>Juan Carlos Osorio<\/strong>, confirm\u00f3 la baja de<strong> &#8216;Tecatito&#8217;<\/strong>, quien declino asistir al torneo por razones personales.<\/p>\n<p style=\"text-align: center;\"><span style=\"color: #333399;\"><a style=\"color: #333399;\" href=\"https:\/\/www.futboltotal.com.mx\/2017\/06\/hirving-lozano-recibe-halago-crack-del-dortmund\/\" target=\"_blank\" rel=\"noopener noreferrer\">VER M\u00c1S: Chucky Lozano, elogiado por un crack del Dortmund<\/a><\/span><\/p>\n<p>El mismo Osorio indic\u00f3 que ya estaban gestionando con la gente de FIFA el alta de otro jugador. <strong>Damm<\/strong> ya se encontraba en la lista previa para jugar la Copa Oro.<\/p>\n<p>El cuerpo t\u00e9cnico comenz\u00f3 a analizar un posible sustituto, luego que <strong>Corona<\/strong> anunciara su ausencia el d\u00eda viernes y esa misma noche el <strong>Damm<\/strong> fue elegido para ocupar ese lugar.<\/p>\n<p style=\"text-align: center;\"><span style=\"color: #333399;\"><a style=\"color: #333399;\" href=\"https:\/\/www.futboltotal.com.mx\/2017\/06\/batman-se-presente-en-futbol\/\" target=\"_blank\" rel=\"noopener noreferrer\">VER M\u00c1S: Batman tambi\u00e9n est\u00e1 presente en el futbol<\/a><\/span><\/p>\n<p>&nbsp;<\/p>\n","protected":false},"excerpt":{"rendered":"<p>Juan Carlos Osorio se decant\u00f3 por el futbolista de Tigres para completar la lista<\/p>\n","protected":false},"author":20,"featured_media":401797,"comment_status":"closed","ping_status":"closed","sticky":false,"template":"","format":"standard","meta":[],"categories":[5,2198,3847],"tags":[1580,1916,65,8853,5973],"_links":{"self":[{"href":"http:\/\/desarrollo.grupomedios.com\/futbol\/wp-json\/wp\/v2\/posts\/483011"}],"collection":[{"href":"http:\/\/desarrollo.grupomedios.com\/futbol\/wp-json\/wp\/v2\/posts"}],"about":[{"href":"http:\/\/desarrollo.grupomedios.com\/futbol\/wp-json\/wp\/v2\/types\/post"}],"author":[{"embeddable":true,"href":"http:\/\/desarrollo.grupomedios.com\/futbol\/wp-json\/wp\/v2\/users\/20"}],"replies":[{"embeddable":true,"href":"http:\/\/desarrollo.grupomedios.com\/futbol\/wp-json\/wp\/v2\/comments?post=483011"}],"version-history":[{"count":3,"href":"http:\/\/desarrollo.grupomedios.com\/futbol\/wp-json\/wp\/v2\/posts\/483011\/revisions"}],"predecessor-version":[{"id":483017,"href":"http:\/\/desarrollo.grupomedios.com\/futbol\/wp-json\/wp\/v2\/posts\/483011\/revisions\/483017"}],"wp:featuredmedia":[{"embeddable":true,"href":"http:\/\/desarrollo.grupomedios.com\/futbol\/wp-json\/wp\/v2\/media\/401797"}],"wp:attachment":[{"href":"http:\/\/desarrollo.grupomedios.com\/futbol\/wp-json\/wp\/v2\/media?parent=483011"}],"wp:term":[{"taxonomy":"category","embeddable":true,"href":"http:\/\/desarrollo.grupomedios.com\/futbol\/wp-json\/wp\/v2\/categories?post=483011"},{"taxonomy":"post_tag","embeddable":true,"href":"http:\/\/desarrollo.grupomedios.com\/futbol\/wp-json\/wp\/v2\/tags?post=483011"}],"curies":[{"name":"wp","href":"https:\/\/api.w.org\/{rel}","templated":true}]}}