{"id":483018,"date":"2017-06-11T13:23:45","date_gmt":"2017-06-11T18:23:45","guid":{"rendered":"https:\/\/www.futboltotal.com.mx\/?p=483018"},"modified":"2017-06-11T13:24:51","modified_gmt":"2017-06-11T18:24:51","slug":"james-rodriguez-esta-cerca-del-chelsea","status":"publish","type":"post","link":"http:\/\/desarrollo.grupomedios.com\/futbol\/futbol-internacional\/james-rodriguez-esta-cerca-del-chelsea\/2017\/06","title":{"rendered":"James Rodr\u00edguez est\u00e1 muy cerca del Chelsea"},"content":{"rendered":"<p>Las ofertas por el colombiano, <strong>James Rodr\u00edguez<\/strong> han ca\u00eddo como cascada desde antes que culminara la temporada, el descontento por los pocos minutos que ha tenido en el <strong>Real Madrid<\/strong> han despertado el inter\u00e9s de clubes como el <strong>PSG<\/strong> y <strong>Manchester United<\/strong>.<\/p>\n<p>A estos equipos se le suma el <strong>Chelsea<\/strong>, quien\u00a0ya lo tiene en la mira. De acuerdo con el <strong>Diario As<\/strong>, <strong>Antonio Conte<\/strong> est\u00e1 pensando en <strong>James<\/strong> como sustituto ante la posible baja de <strong>Cesc F\u00e1bregas<\/strong> y la salida de <strong>Oscar<\/strong> que se dio a inicios de a\u00f1o.<\/p>\n<p style=\"text-align: center;\"><span style=\"color: #333399;\"><a style=\"color: #333399;\" href=\"https:\/\/www.futboltotal.com.mx\/2017\/06\/verratti-quiere-irse-del-psg-para-jugar-con-el-barcelona\/\" target=\"_blank\" rel=\"noopener noreferrer\">VER M\u00c1S: Verratti pide que lo dejen irse al Barcelona<\/a><\/span><\/p>\n<p>Incluso el colombiano podr\u00eda convertirse en moneda de cambio para la llegada de el belga<span style=\"color: #000080;\"><a style=\"color: #000080;\" href=\"https:\/\/www.futboltotal.com.mx\/2017\/04\/eden-hazard-se-perfila-sustituto-james-en-real-madrid\/\" target=\"_blank\" rel=\"noopener noreferrer\"> Eden Hazard al Real Madrid<\/a>.<\/span><\/p>\n<p>Por su parte, la entidad merengue ya le dio el s\u00ed a <strong>James<\/strong> para que comience a negociar con otro club, pues dependiendo de su decisi\u00f3n, esperan obtener una cifra cercana a los <strong>70 u 80 millones de euros<\/strong>, con lo que esperan solventar el traspaso del joven sensaci\u00f3n de Europa<span style=\"color: #000080;\"><span style=\"color: #333399;\"><a style=\"color: #333399;\" href=\"https:\/\/www.futboltotal.com.mx\/2017\/05\/mbappe-da-el-si-al-real-madrid-y-seria-su-proximo-galactico\/\" target=\"_blank\" rel=\"noopener noreferrer\"> Kylian Mbapp\u00e9<\/a><\/span>.<\/span><\/p>\n<p style=\"text-align: center;\"><span style=\"color: #333399;\"><a style=\"color: #333399;\" href=\"https:\/\/www.futboltotal.com.mx\/2017\/06\/gignac-en-la-mira-del-besiktas\/\" target=\"_blank\" rel=\"noopener noreferrer\">VER M\u00c1S: Gignac podr\u00eda irse a Turqu\u00eda<\/a><\/span><\/p>\n<p>&nbsp;<\/p>\n","protected":false},"excerpt":{"rendered":"<p>El colombiano podr\u00eda solventar para el Real Madrid la compra de Mbapp\u00e9<\/p>\n","protected":false},"author":20,"featured_media":478804,"comment_status":"closed","ping_status":"closed","sticky":false,"template":"","format":"standard","meta":[],"categories":[7740,3839],"tags":[5981,6058,6082,5988],"_links":{"self":[{"href":"http:\/\/desarrollo.grupomedios.com\/futbol\/wp-json\/wp\/v2\/posts\/483018"}],"collection":[{"href":"http:\/\/desarrollo.grupomedios.com\/futbol\/wp-json\/wp\/v2\/posts"}],"about":[{"href":"http:\/\/desarrollo.grupomedios.com\/futbol\/wp-json\/wp\/v2\/types\/post"}],"author":[{"embeddable":true,"href":"http:\/\/desarrollo.grupomedios.com\/futbol\/wp-json\/wp\/v2\/users\/20"}],"replies":[{"embeddable":true,"href":"http:\/\/desarrollo.grupomedios.com\/futbol\/wp-json\/wp\/v2\/comments?post=483018"}],"version-history":[{"count":2,"href":"http:\/\/desarrollo.grupomedios.com\/futbol\/wp-json\/wp\/v2\/posts\/483018\/revisions"}],"predecessor-version":[{"id":483020,"href":"http:\/\/desarrollo.grupomedios.com\/futbol\/wp-json\/wp\/v2\/posts\/483018\/revisions\/483020"}],"wp:featuredmedia":[{"embeddable":true,"href":"http:\/\/desarrollo.grupomedios.com\/futbol\/wp-json\/wp\/v2\/media\/478804"}],"wp:attachment":[{"href":"http:\/\/desarrollo.grupomedios.com\/futbol\/wp-json\/wp\/v2\/media?parent=483018"}],"wp:term":[{"taxonomy":"category","embeddable":true,"href":"http:\/\/desarrollo.grupomedios.com\/futbol\/wp-json\/wp\/v2\/categories?post=483018"},{"taxonomy":"post_tag","embeddable":true,"href":"http:\/\/desarrollo.grupomedios.com\/futbol\/wp-json\/wp\/v2\/tags?post=483018"}],"curies":[{"name":"wp","href":"https:\/\/api.w.org\/{rel}","templated":true}]}}