{"id":483022,"date":"2017-06-11T14:04:23","date_gmt":"2017-06-11T19:04:23","guid":{"rendered":"https:\/\/www.futboltotal.com.mx\/?p=483022"},"modified":"2017-06-11T14:19:43","modified_gmt":"2017-06-11T19:19:43","slug":"gareth-bale-se-prepara-torneo-golf","status":"publish","type":"post","link":"http:\/\/desarrollo.grupomedios.com\/futbol\/futbol-internacional\/gareth-bale-se-prepara-torneo-golf\/2017\/06","title":{"rendered":"Gareth Bale se prepara para el torneo&#8230; de golf"},"content":{"rendered":"<p>Luego de no se convocado para los juegos eliminatorios rumbo a <strong>Rusia 2018<\/strong>, <strong>Gareth Bale<\/strong>, decidi\u00f3 representar a <strong>Gales<\/strong> en un torneo de golf.<\/p>\n<p>El certamen se llevar\u00e1 a cabo los d\u00eda 1 y 2 de julio y se disputar\u00e1 entre cuatro naciones; <strong>Gales<\/strong>,\u00a0Inglaterra, Escocia e Irlanda. El delantero del <strong>Real Madrid<\/strong> ser\u00e1 el capit\u00e1n de su pa\u00eds.<\/p>\n<p style=\"text-align: center;\"><span style=\"color: #333399;\"><a style=\"color: #333399;\" href=\"https:\/\/www.futboltotal.com.mx\/2017\/06\/pulido-compara-a-chivas-con-el-real-madrid\/\" target=\"_blank\" rel=\"noopener noreferrer\">VER M\u00c1S: Alan Pulido compara a Chivas con Real Madrid<\/a><\/span><\/p>\n<p>Entre los compa\u00f1eros de su equipo estar\u00e1n el ex futbolista <strong>Craig Bellamy<\/strong>, el golfista <strong>Brian McFadden<\/strong>, el cantante <strong>Ronan Keating<\/strong> y el presentador <strong>Ben Sephard<\/strong>.<\/p>\n<p><strong>Bale<\/strong> siempre ha manifestado su gusto por el golf, siendo este su pasatiempo favorito cuando no est\u00e1 en los campos de futbol.<\/p>\n<p style=\"text-align: center;\"><span style=\"color: #333399;\"><a style=\"color: #333399;\" href=\"https:\/\/www.futboltotal.com.mx\/2017\/06\/tonto-del-real-madrid-trofeos-buffon\/\" target=\"_blank\" rel=\"noopener noreferrer\">VER M\u00c1S: El m\u00e1s tonto del Real Madrid tiene m\u00e1s trofeos que yo: Buffon<\/a><\/span><\/p>\n<p>&nbsp;<\/p>\n","protected":false},"excerpt":{"rendered":"<p>El jugador del Real Madrid participar\u00e1 en un torneo de estrellas<\/p>\n","protected":false},"author":20,"featured_media":483024,"comment_status":"closed","ping_status":"closed","sticky":false,"template":"","format":"standard","meta":[],"categories":[5419,3839],"tags":[6043,7442,5988],"_links":{"self":[{"href":"http:\/\/desarrollo.grupomedios.com\/futbol\/wp-json\/wp\/v2\/posts\/483022"}],"collection":[{"href":"http:\/\/desarrollo.grupomedios.com\/futbol\/wp-json\/wp\/v2\/posts"}],"about":[{"href":"http:\/\/desarrollo.grupomedios.com\/futbol\/wp-json\/wp\/v2\/types\/post"}],"author":[{"embeddable":true,"href":"http:\/\/desarrollo.grupomedios.com\/futbol\/wp-json\/wp\/v2\/users\/20"}],"replies":[{"embeddable":true,"href":"http:\/\/desarrollo.grupomedios.com\/futbol\/wp-json\/wp\/v2\/comments?post=483022"}],"version-history":[{"count":5,"href":"http:\/\/desarrollo.grupomedios.com\/futbol\/wp-json\/wp\/v2\/posts\/483022\/revisions"}],"predecessor-version":[{"id":483029,"href":"http:\/\/desarrollo.grupomedios.com\/futbol\/wp-json\/wp\/v2\/posts\/483022\/revisions\/483029"}],"wp:featuredmedia":[{"embeddable":true,"href":"http:\/\/desarrollo.grupomedios.com\/futbol\/wp-json\/wp\/v2\/media\/483024"}],"wp:attachment":[{"href":"http:\/\/desarrollo.grupomedios.com\/futbol\/wp-json\/wp\/v2\/media?parent=483022"}],"wp:term":[{"taxonomy":"category","embeddable":true,"href":"http:\/\/desarrollo.grupomedios.com\/futbol\/wp-json\/wp\/v2\/categories?post=483022"},{"taxonomy":"post_tag","embeddable":true,"href":"http:\/\/desarrollo.grupomedios.com\/futbol\/wp-json\/wp\/v2\/tags?post=483022"}],"curies":[{"name":"wp","href":"https:\/\/api.w.org\/{rel}","templated":true}]}}