{"id":483048,"date":"2017-06-11T15:40:44","date_gmt":"2017-06-11T20:40:44","guid":{"rendered":"https:\/\/www.futboltotal.com.mx\/?p=483048"},"modified":"2017-06-11T15:40:44","modified_gmt":"2017-06-11T20:40:44","slug":"fmf-explico-a-fifa-ausencia-tecatito-en-confederaciones","status":"publish","type":"post","link":"http:\/\/desarrollo.grupomedios.com\/futbol\/destacado-home\/fmf-explico-a-fifa-ausencia-tecatito-en-confederaciones\/2017\/06","title":{"rendered":"FMF explic\u00f3 a FIFA ausencia de Tecatito en Confederaciones"},"content":{"rendered":"<p>Luego de que <strong>Jes\u00fas Manuel Corona<\/strong> rechazara su convocatoria con la Selecci\u00f3n Mexicana para la Copa Confederaciones, la Federaci\u00f3n Mexicana de Futbol (FMF) envi\u00f3 una carta a la FIFA para explicar el motivo de la ausencia de <strong>Tecatito<\/strong>.<\/p>\n<p>El delantero del Porto dej\u00f3 la concentraci\u00f3n del Tricolor el pasado viernes por la noche, por la que a la ma\u00f1ana siguiente la FMF envi\u00f3 a FIFA una carta con el posible reemplazo y en la que explica que por motivos personales que le causaron una &#8220;crisis emocional&#8221;, <strong>Tecatito<\/strong> no participar\u00e1 en el torneo, seg\u00fan informa <em>ESPN<\/em>.<\/p>\n<p style=\"text-align: center;\"><span style=\"color: #3366ff;\"><a style=\"color: #3366ff;\" href=\"https:\/\/www.futboltotal.com.mx\/2017\/06\/lanzan-la-lista-del-tri-copa-oro\/\">VER M\u00c1S: Lanzan la lista del Tri para Copa Oro<\/a><\/span><\/p>\n<p>Fuentes dijeron que Tecatito estuvo el viernes por la ma\u00f1ana jugando con su hijo en la cancha principal del Centro de Alto Rendimiento durante las horas libres, previo al entrenamiento vespertino.<\/p>\n<p>&#8220;Ya no ten\u00eda la cabeza aqu\u00ed,&#8221; asegur\u00f3 una persona cercana al futbolista. &#8220;S\u00f3lo te puedo decir que no lo ve\u00edamos venir y que en la concentraci\u00f3n cay\u00f3 como un balde de agua fr\u00eda&#8221;, dijo otra fuente.<\/p>\n<p>Por lo pronto, la <strong>FMF<\/strong> espera la autorizaci\u00f3n de FIFA en las pr\u00f3ximas horas para nombrar al reemplazo de Corona, y si no hay alguna sorpresa de Osorio, ser\u00e1 Jurgen Damm.<\/p>\n<p style=\"text-align: center;\"><span style=\"color: #3366ff;\"><a style=\"color: #3366ff;\" href=\"https:\/\/www.futboltotal.com.mx\/2017\/06\/bofo-bautista-presenta-jersey-partido-despedida\/\">VER M\u00c1S: Bofo Bautista presenta jersey para su partido de despedida<\/a><\/span><\/p>\n<p><em>*Con informaci\u00f3n de ESPN Digital<\/em><\/p>\n<p>Otras fuentes se\u00f1alan varias hip\u00f3tesis sobre la declinaci\u00f3n del jugador, pues podr\u00edan ser problemas familiares o el ya conocido caso de Futboleaks de su traspaso al Twente.<\/p>\n<blockquote class=\"twitter-tweet\" data-width=\"500\">\n<p lang=\"es\" dir=\"ltr\">La 2da es l\u00edos con la autoridad luego de que en 2016 Football Leaks revel\u00f3 que Cartel de Cd. Ju\u00e1rez estuvo involucrado en traspaso al Twente<\/p>\n<p>&mdash; San Cadilla (@SanCadilla) <a href=\"https:\/\/twitter.com\/SanCadilla\/status\/873927540880158720\">June 11, 2017<\/a><\/p><\/blockquote>\n<p><script async src=\"\/\/platform.twitter.com\/widgets.js\" charset=\"utf-8\"><\/script><\/p>\n<blockquote class=\"twitter-tweet\" data-width=\"500\">\n<p lang=\"es\" dir=\"ltr\">Ah, y yo no descartar\u00eda que hubiera dado positivo en alg\u00fan control antidoping interno de la <a href=\"https:\/\/twitter.com\/FMF\">@FMF<\/a> y quieran protegerlo <a href=\"https:\/\/twitter.com\/hashtag\/Remember2005?src=hash\">#Remember2005<\/a><\/p>\n<p>&mdash; San Cadilla (@SanCadilla) <a href=\"https:\/\/twitter.com\/SanCadilla\/status\/873937387214311425\">June 11, 2017<\/a><\/p><\/blockquote>\n<p><script async src=\"\/\/platform.twitter.com\/widgets.js\" charset=\"utf-8\"><\/script><\/p>\n<blockquote class=\"twitter-tweet\" data-width=\"500\">\n<p lang=\"es\" dir=\"ltr\">Sea cual sea, ojal\u00e1 que <a href=\"https:\/\/twitter.com\/hashtag\/Tecatito?src=hash\">#Tecatito<\/a> pronto resuelva su problema personal y pueda estar al 100% concentrado en su carrera <a href=\"https:\/\/twitter.com\/hashtag\/%C3%81nimoTecatito?src=hash\">#\u00c1nimoTecatito<\/a><\/p>\n<p>&mdash; San Cadilla (@SanCadilla) <a href=\"https:\/\/twitter.com\/SanCadilla\/status\/873928499354054656\">June 11, 2017<\/a><\/p><\/blockquote>\n<p><script async src=\"\/\/platform.twitter.com\/widgets.js\" charset=\"utf-8\"><\/script><\/p>\n","protected":false},"excerpt":{"rendered":"<p>El jugador habr\u00eda tenido una &#8220;crisis emocional&#8221;.<\/p>\n","protected":false},"author":20,"featured_media":404874,"comment_status":"closed","ping_status":"closed","sticky":false,"template":"","format":"standard","meta":[],"categories":[5,2198,3847],"tags":[7921,6045],"_links":{"self":[{"href":"http:\/\/desarrollo.grupomedios.com\/futbol\/wp-json\/wp\/v2\/posts\/483048"}],"collection":[{"href":"http:\/\/desarrollo.grupomedios.com\/futbol\/wp-json\/wp\/v2\/posts"}],"about":[{"href":"http:\/\/desarrollo.grupomedios.com\/futbol\/wp-json\/wp\/v2\/types\/post"}],"author":[{"embeddable":true,"href":"http:\/\/desarrollo.grupomedios.com\/futbol\/wp-json\/wp\/v2\/users\/20"}],"replies":[{"embeddable":true,"href":"http:\/\/desarrollo.grupomedios.com\/futbol\/wp-json\/wp\/v2\/comments?post=483048"}],"version-history":[{"count":1,"href":"http:\/\/desarrollo.grupomedios.com\/futbol\/wp-json\/wp\/v2\/posts\/483048\/revisions"}],"predecessor-version":[{"id":483053,"href":"http:\/\/desarrollo.grupomedios.com\/futbol\/wp-json\/wp\/v2\/posts\/483048\/revisions\/483053"}],"wp:featuredmedia":[{"embeddable":true,"href":"http:\/\/desarrollo.grupomedios.com\/futbol\/wp-json\/wp\/v2\/media\/404874"}],"wp:attachment":[{"href":"http:\/\/desarrollo.grupomedios.com\/futbol\/wp-json\/wp\/v2\/media?parent=483048"}],"wp:term":[{"taxonomy":"category","embeddable":true,"href":"http:\/\/desarrollo.grupomedios.com\/futbol\/wp-json\/wp\/v2\/categories?post=483048"},{"taxonomy":"post_tag","embeddable":true,"href":"http:\/\/desarrollo.grupomedios.com\/futbol\/wp-json\/wp\/v2\/tags?post=483048"}],"curies":[{"name":"wp","href":"https:\/\/api.w.org\/{rel}","templated":true}]}}