{"id":483056,"date":"2017-06-11T16:04:24","date_gmt":"2017-06-11T21:04:24","guid":{"rendered":"https:\/\/www.futboltotal.com.mx\/?p=483056"},"modified":"2017-06-11T16:04:24","modified_gmt":"2017-06-11T21:04:24","slug":"checo-perez-queda-quinto-en-gp-canada","status":"publish","type":"post","link":"http:\/\/desarrollo.grupomedios.com\/futbol\/no-todo-es-futbol\/checo-perez-queda-quinto-en-gp-canada\/2017\/06","title":{"rendered":"Checo P\u00e9rez qued\u00f3 quinto en el GP de Canad\u00e1"},"content":{"rendered":"<p>El piloto mexicano de la escuder\u00eda <strong>Force India<\/strong>, <strong>Sergio Checo P\u00e9rez<\/strong>, qued\u00f3 ubicado en la quinta posici\u00f3n dentro del<strong> GP de Canad\u00e1<\/strong> luego de una carrera muy cerrada con compa\u00f1ero de equipo, Esteban Ocon, que termin\u00f3 sexto.<\/p>\n<p style=\"text-align: left;\">El piloto brit\u00e1nico Lewis Hamilton (Mercedes) gan\u00f3 el <strong>Gran Premio de Canad\u00e1<\/strong> por sexta vez en su carrera, en una prueba que domin\u00f3 de principio a fin en la que se impuso por delante de su compa\u00f1ero finland\u00e9s Valtteri Bottas y del australiano Daniel Ricciardo (Red Bull), que supo ser m\u00e1s regular cuando el resto de pilotos ca\u00edan a su alrededor y se salv\u00f3 a tiempo de la progresi\u00f3n de Vettel, que ven\u00eda adelantando a los Force India del mexicano <strong>Sergio Checo P\u00e9rez<\/strong> y del franc\u00e9s Esteban Ocon, y que ven\u00eda lanzado a por \u00e9l si hubieran sido m\u00e1s vueltas de las 70 que ten\u00eda la carrera.<\/p>\n<p style=\"text-align: center;\"><span style=\"color: #3366ff;\"><a style=\"color: #3366ff;\" href=\"https:\/\/www.futboltotal.com.mx\/2017\/06\/fmf-explico-a-fifa-ausencia-tecatito-en-confederaciones\/\">VER M\u00c1S: FMF explic\u00f3 a FIFA ausencia de Tecatito en Confederaciones<\/a><\/span><\/p>\n<p>Muy buenos puntos para los <strong>Force India<\/strong> tras una excepcional carrera, una zona que se complet\u00f3 con el alem\u00e1n Nico H\u00fclkenberg (Renault), el canadiense Lance Stroll (Williams) y el franc\u00e9s Romain Grosjean (Haas); pero no con el espa\u00f1ol Fernando Alonso (McLaren-Honda), quien a falta de dos vueltas era d\u00e9cimo pero en la pen\u00faltima su motor Honda le dej\u00f3 fuera de combate.EFE<\/p>\n<p>Hamilton triunfo en una carrera con inicio accidentado, con el espa\u00f1ol Carlos Sainz (Toro Rosso) y el brasile\u00f1o Felipe Massa (Williams) fuera de carrera en la primera vuelta; y en la que la principal amenaza en la carrera, el holand\u00e9s Max Verstappen (Red Bull), se qued\u00f3 fuera en la vuelta 11 por un problema de motor.<\/p>\n<p style=\"text-align: center;\"><span style=\"color: #3366ff;\"><a style=\"color: #3366ff;\" href=\"https:\/\/www.futboltotal.com.mx\/2017\/06\/bofo-bautista-presenta-jersey-partido-despedida\/\">VER M\u00c1S: Bofo Bautista presenta jersey para su partido de despedida<\/a><\/span><\/p>\n","protected":false},"excerpt":{"rendered":"<p>El ingl\u00e9s Lewis Hamilton se llev\u00f3 la la carrera.<\/p>\n","protected":false},"author":144,"featured_media":474304,"comment_status":"closed","ping_status":"closed","sticky":false,"template":"","format":"standard","meta":[],"categories":[5810,5419,5418,6411],"tags":[5460,5493,5461,6209],"_links":{"self":[{"href":"http:\/\/desarrollo.grupomedios.com\/futbol\/wp-json\/wp\/v2\/posts\/483056"}],"collection":[{"href":"http:\/\/desarrollo.grupomedios.com\/futbol\/wp-json\/wp\/v2\/posts"}],"about":[{"href":"http:\/\/desarrollo.grupomedios.com\/futbol\/wp-json\/wp\/v2\/types\/post"}],"author":[{"embeddable":true,"href":"http:\/\/desarrollo.grupomedios.com\/futbol\/wp-json\/wp\/v2\/users\/144"}],"replies":[{"embeddable":true,"href":"http:\/\/desarrollo.grupomedios.com\/futbol\/wp-json\/wp\/v2\/comments?post=483056"}],"version-history":[{"count":1,"href":"http:\/\/desarrollo.grupomedios.com\/futbol\/wp-json\/wp\/v2\/posts\/483056\/revisions"}],"predecessor-version":[{"id":483059,"href":"http:\/\/desarrollo.grupomedios.com\/futbol\/wp-json\/wp\/v2\/posts\/483056\/revisions\/483059"}],"wp:featuredmedia":[{"embeddable":true,"href":"http:\/\/desarrollo.grupomedios.com\/futbol\/wp-json\/wp\/v2\/media\/474304"}],"wp:attachment":[{"href":"http:\/\/desarrollo.grupomedios.com\/futbol\/wp-json\/wp\/v2\/media?parent=483056"}],"wp:term":[{"taxonomy":"category","embeddable":true,"href":"http:\/\/desarrollo.grupomedios.com\/futbol\/wp-json\/wp\/v2\/categories?post=483056"},{"taxonomy":"post_tag","embeddable":true,"href":"http:\/\/desarrollo.grupomedios.com\/futbol\/wp-json\/wp\/v2\/tags?post=483056"}],"curies":[{"name":"wp","href":"https:\/\/api.w.org\/{rel}","templated":true}]}}