{"id":483075,"date":"2017-06-11T18:11:11","date_gmt":"2017-06-11T23:11:11","guid":{"rendered":"https:\/\/www.futboltotal.com.mx\/?p=483075"},"modified":"2017-06-11T18:11:11","modified_gmt":"2017-06-11T23:11:11","slug":"serge-gnabry-es-nuevo-jugador-del-bayern-munich-por-los-proximo-tres-anios","status":"publish","type":"post","link":"http:\/\/desarrollo.grupomedios.com\/futbol\/futbol-internacional\/serge-gnabry-es-nuevo-jugador-del-bayern-munich-por-los-proximo-tres-anios\/2017\/06","title":{"rendered":"Bayern Munich cierra el fichaje de un crack del Werder Bremen"},"content":{"rendered":"<p>Es verano y los clubes europeos se encuentran arm\u00e1ndose hasta los dientes para encarar la temporada 2017-2018, tal es el caso del <a href=\"https:\/\/www.futboltotal.com.mx\/2017\/06\/bayern-munich-trollea-a-mats-hummels\/\" target=\"_blank\" rel=\"noopener noreferrer\"><span style=\"color: #333399;\"><strong>Bayer Munich<\/strong><\/span><\/a>, equipo que cerr\u00f3 la contrataci\u00f3n del alem\u00e1n <strong>Serge Gnabry<\/strong>, procedente del <strong>Werder Bremen<\/strong>, tras pagar la cl\u00e1usula de recisi\u00f3n de 8 millones de euros y estar\u00e1 liga al club por los pr\u00f3ximos tres a\u00f1os.<\/p>\n<p style=\"text-align: center;\"><a href=\"https:\/\/www.futboltotal.com.mx\/2017\/06\/milan-se-roba-a-una-las-joyas-del-porto-andre-silva\/\" target=\"_blank\" rel=\"noopener noreferrer\"><span style=\"color: #333399;\">VER M\u00c1S:\u00a0Milan se roba a una de las joyas del Porto<\/span><\/a><\/p>\n<blockquote class=\"twitter-tweet\" data-lang=\"es\">\n<p dir=\"ltr\" lang=\"es\">&#x1f534;\u26aa \u00a1Bienvenido al <a href=\"https:\/\/twitter.com\/hashtag\/FCBayern?src=hash\">#FCBayern<\/a>, <a href=\"https:\/\/twitter.com\/SergeGnabry\">@SergeGnabry<\/a>! <a href=\"https:\/\/twitter.com\/hashtag\/MiaSanMia?src=hash\">#MiaSanMia<\/a> <a href=\"https:\/\/t.co\/lb0v3WCccU\">pic.twitter.com\/lb0v3WCccU<\/a><\/p>\n<p>\u2014 FC Bayern Espa\u00f1ol (@FCBayernES) <a href=\"https:\/\/twitter.com\/FCBayernES\/status\/873872001248579585\">11 de junio de 2017<\/a><\/p><\/blockquote>\n<p><script async src=\"\/\/platform.twitter.com\/widgets.js\" charset=\"utf-8\"><\/script><\/p>\n<p><strong>Gnabry<\/strong> es una de los j\u00f3venes promesas del f\u00fatbol alem\u00e1n y ha sido la revelaci\u00f3n de la temporada en la <strong>Bundesliga<\/strong>, al obtener 11 goles y 2 asistencias en 27 encuentros.<\/p>\n<p>\u201cEs un honor formar parte de este equipo. Ahora llega una fase muy emocionante para m\u00ed, me motiva mucho. Es un momento que he esperado con mucho inter\u00e9s\u201d, dijo el jugador en un comunicado publicado en la p\u00e1gina oficial del <strong>Bayer Munich<\/strong>.<\/p>\n<p style=\"text-align: center;\"><a href=\"https:\/\/www.futboltotal.com.mx\/2017\/06\/mourinho-hablo-con-morata-para-que-firme-con-el-united\/\" target=\"_blank\" rel=\"noopener noreferrer\"><span style=\"color: #333399;\">VER M\u00c1S:\u00a0Mourinho habl\u00f3 con Morata para que fiche con el United<\/span><\/a><\/p>\n<p>\u201cEstamos encantados de que Gnabry, otro joven de la selecci\u00f3n alemana llegue al Bayern M\u00fanich. En el Werder Bremen ha crecido mucho\u201d, declar\u00f3 <strong>Karl-Heinz Rummenigge<\/strong>.<\/p>\n<p>&nbsp;<\/p>\n<blockquote class=\"twitter-tweet\" data-lang=\"es\">\n<p dir=\"ltr\" lang=\"es\">Nota de prensa:<br \/>\nEl <a href=\"https:\/\/twitter.com\/hashtag\/FCBayern?src=hash\">#FCBayern<\/a> ficha a <a href=\"https:\/\/twitter.com\/SergeGnabry\">@SergeGnabry<\/a>.<br \/>\n&#x1f4ce;<a href=\"https:\/\/t.co\/IRCodH7pph\">https:\/\/t.co\/IRCodH7pph<\/a> <a href=\"https:\/\/t.co\/E7TKdVZ8kR\">pic.twitter.com\/E7TKdVZ8kR<\/a><\/p>\n<p>\u2014 FC Bayern Espa\u00f1ol (@FCBayernES) <a href=\"https:\/\/twitter.com\/FCBayernES\/status\/873845257854742528\">11 de junio de 2017<\/a><\/p><\/blockquote>\n<p><script async src=\"\/\/platform.twitter.com\/widgets.js\" charset=\"utf-8\"><\/script><\/p>\n","protected":false},"excerpt":{"rendered":"<p>\u00a1Bayern M\u00fanich amarr\u00f3 a Serge Gnabry!<\/p>\n","protected":false},"author":20,"featured_media":483077,"comment_status":"closed","ping_status":"closed","sticky":false,"template":"","format":"standard","meta":[],"categories":[7740,3839],"tags":[2366,2662,119,8889,8890,6530,5272,8891,8888,7617],"_links":{"self":[{"href":"http:\/\/desarrollo.grupomedios.com\/futbol\/wp-json\/wp\/v2\/posts\/483075"}],"collection":[{"href":"http:\/\/desarrollo.grupomedios.com\/futbol\/wp-json\/wp\/v2\/posts"}],"about":[{"href":"http:\/\/desarrollo.grupomedios.com\/futbol\/wp-json\/wp\/v2\/types\/post"}],"author":[{"embeddable":true,"href":"http:\/\/desarrollo.grupomedios.com\/futbol\/wp-json\/wp\/v2\/users\/20"}],"replies":[{"embeddable":true,"href":"http:\/\/desarrollo.grupomedios.com\/futbol\/wp-json\/wp\/v2\/comments?post=483075"}],"version-history":[{"count":1,"href":"http:\/\/desarrollo.grupomedios.com\/futbol\/wp-json\/wp\/v2\/posts\/483075\/revisions"}],"predecessor-version":[{"id":483078,"href":"http:\/\/desarrollo.grupomedios.com\/futbol\/wp-json\/wp\/v2\/posts\/483075\/revisions\/483078"}],"wp:featuredmedia":[{"embeddable":true,"href":"http:\/\/desarrollo.grupomedios.com\/futbol\/wp-json\/wp\/v2\/media\/483077"}],"wp:attachment":[{"href":"http:\/\/desarrollo.grupomedios.com\/futbol\/wp-json\/wp\/v2\/media?parent=483075"}],"wp:term":[{"taxonomy":"category","embeddable":true,"href":"http:\/\/desarrollo.grupomedios.com\/futbol\/wp-json\/wp\/v2\/categories?post=483075"},{"taxonomy":"post_tag","embeddable":true,"href":"http:\/\/desarrollo.grupomedios.com\/futbol\/wp-json\/wp\/v2\/tags?post=483075"}],"curies":[{"name":"wp","href":"https:\/\/api.w.org\/{rel}","templated":true}]}}