{"id":483164,"date":"2017-06-12T12:42:09","date_gmt":"2017-06-12T17:42:09","guid":{"rendered":"https:\/\/www.futboltotal.com.mx\/?p=483164"},"modified":"2017-06-12T12:42:09","modified_gmt":"2017-06-12T17:42:09","slug":"caixinha-quiere-a-layun-rangers","status":"publish","type":"post","link":"http:\/\/desarrollo.grupomedios.com\/futbol\/futbol-internacional\/caixinha-quiere-a-layun-rangers\/2017\/06","title":{"rendered":"Caixinha tambi\u00e9n quiere a Lay\u00fan para el Rangers"},"content":{"rendered":"<p>El estratega portugu\u00e9s, <strong>Pedro Caixinha<\/strong> quiere &#8216;mexicanizar&#8217; al <strong>Rangers<\/strong> de Escocia, pues adem\u00e1s de llevarse a <span style=\"color: #333399;\"><a style=\"color: #333399;\" href=\"https:\/\/www.futboltotal.com.mx\/2017\/06\/eduardo-herrera-gullit-pena-reciben-permiso-jugar-en-escocia\/\" target=\"_blank\" rel=\"noopener noreferrer\">Eduardo Herrera y Carlos &#8216;Gullit&#8217; Pe\u00f1a<\/a><\/span>, est\u00e1 en busca de <strong>Miguel Lay\u00fan<\/strong>.<\/p>\n<p>De acuerdo con el diario portugu\u00e9s\u00a0<strong>A Bola<\/strong>, <strong>Caixinha<\/strong> est\u00e1 muy interesado en llevar al actual futbolista del <strong>Porto<\/strong>, quien tambi\u00e9n tiene el <span style=\"color: #333399;\"><a style=\"color: #333399;\" href=\"https:\/\/www.futboltotal.com.mx\/2017\/06\/miguel-layun-suena-llegar-espana-sevilla\/\" target=\"_blank\" rel=\"noopener noreferrer\">inter\u00e9s del Sevilla en Espa\u00f1a<\/a><\/span>.<\/p>\n<p>El diario indica que en un principio, el portugu\u00e9s estaba en busca de llevar a <strong>Jos\u00e9 Abella<\/strong> de <strong>Santos<\/strong>; sin embargo, la situaci\u00f3n era complicada, pues debe\u00a0tener un m\u00ednimo de porcentaje de partidos jugados con la Selecci\u00f3n mayor, de acuerdo a las reglas del futbol brit\u00e1nico.<\/p>\n<p>En su \u00faltima temporada con el <strong>Porto<\/strong>, <strong>Lay\u00fan<\/strong> tuvo problemas con el director t\u00e9cnico,\u00a0<strong>S\u00e9rgio Concei\u00e7\u00e3o<\/strong>, por lo que\u00a0su salida del conjunto luso parece inminente.<\/p>\n<p style=\"text-align: center;\"><span style=\"color: #333399;\"><a style=\"color: #333399;\" href=\"https:\/\/www.futboltotal.com.mx\/2017\/06\/los-increibles-botines-estrenara-cristiano-ronaldo-ante-mexico\/\" target=\"_blank\" rel=\"noopener noreferrer\">VER M\u00c1S: Mira los botines de Cristiano Ronaldo que estrenar\u00e1 ante M\u00e9xico<\/a><\/span><\/p>\n","protected":false},"excerpt":{"rendered":"<p>En primera instancia quer\u00eda llevar a Jos\u00e9 Abella<\/p>\n","protected":false},"author":20,"featured_media":481387,"comment_status":"closed","ping_status":"closed","sticky":false,"template":"","format":"standard","meta":[],"categories":[7740,3839],"tags":[1035,1968,1208,8893,49],"_links":{"self":[{"href":"http:\/\/desarrollo.grupomedios.com\/futbol\/wp-json\/wp\/v2\/posts\/483164"}],"collection":[{"href":"http:\/\/desarrollo.grupomedios.com\/futbol\/wp-json\/wp\/v2\/posts"}],"about":[{"href":"http:\/\/desarrollo.grupomedios.com\/futbol\/wp-json\/wp\/v2\/types\/post"}],"author":[{"embeddable":true,"href":"http:\/\/desarrollo.grupomedios.com\/futbol\/wp-json\/wp\/v2\/users\/20"}],"replies":[{"embeddable":true,"href":"http:\/\/desarrollo.grupomedios.com\/futbol\/wp-json\/wp\/v2\/comments?post=483164"}],"version-history":[{"count":1,"href":"http:\/\/desarrollo.grupomedios.com\/futbol\/wp-json\/wp\/v2\/posts\/483164\/revisions"}],"predecessor-version":[{"id":483167,"href":"http:\/\/desarrollo.grupomedios.com\/futbol\/wp-json\/wp\/v2\/posts\/483164\/revisions\/483167"}],"wp:featuredmedia":[{"embeddable":true,"href":"http:\/\/desarrollo.grupomedios.com\/futbol\/wp-json\/wp\/v2\/media\/481387"}],"wp:attachment":[{"href":"http:\/\/desarrollo.grupomedios.com\/futbol\/wp-json\/wp\/v2\/media?parent=483164"}],"wp:term":[{"taxonomy":"category","embeddable":true,"href":"http:\/\/desarrollo.grupomedios.com\/futbol\/wp-json\/wp\/v2\/categories?post=483164"},{"taxonomy":"post_tag","embeddable":true,"href":"http:\/\/desarrollo.grupomedios.com\/futbol\/wp-json\/wp\/v2\/tags?post=483164"}],"curies":[{"name":"wp","href":"https:\/\/api.w.org\/{rel}","templated":true}]}}