{"id":483174,"date":"2017-06-12T13:35:50","date_gmt":"2017-06-12T18:35:50","guid":{"rendered":"https:\/\/www.futboltotal.com.mx\/?p=483174"},"modified":"2017-06-12T13:35:50","modified_gmt":"2017-06-12T18:35:50","slug":"jorge-vergara-sorprende-se-vuelve-a-casar","status":"publish","type":"post","link":"http:\/\/desarrollo.grupomedios.com\/futbol\/cambio-de-juego\/jorge-vergara-sorprende-se-vuelve-a-casar\/2017\/06","title":{"rendered":"\u00a1Jorge Vergara sorprende y se vuelve a casar!"},"content":{"rendered":"<p>El pol\u00e9mico empresario y due\u00f1o de las <strong>Chivas<\/strong>, <strong>Jorge<\/strong> <strong>Vergara<\/strong>, parece estar viviendo uno de los mejores momentos de su vida luego del t\u00edtulo de Liga MX conseguido por el <strong>Guadalajara<\/strong>, aunque tambi\u00e9n en el plano personal ha festejado una nueva boda.<\/p>\n<p>De acuerdo a informaci\u00f3n de la periodista Lourdes Mendoza, <strong>Vergara<\/strong> contrajo matrimonio el pasado s\u00e1bado 10 de junio con <strong>Rossana<\/strong> <strong>Lerdo<\/strong> <strong>de<\/strong> <strong>Tejada<\/strong>, con quien ya estuvo casado hace tiempo y es la madre de su primera hija.<\/p>\n<p style=\"text-align: center;\"><a href=\"https:\/\/www.futboltotal.com.mx\/2017\/06\/tecatito-corona-aparece-en-la-presentacion-del-uniforme-del-porto\/\" target=\"_blank\" rel=\"noopener noreferrer\"><span style=\"color: #333399;\">VER M\u00c1S: Tecatito Corona apareci\u00f3 en la presentaci\u00f3n del uniforme del Porto<\/span><\/a><\/p>\n<p><strong>Vergara<\/strong> se divorci\u00f3 en 2016 de <strong>Ang\u00e9lica<\/strong> <strong>Fuentes<\/strong> luego de que en 2015 iniciaran juicios civiles y mercantiles por el control de Grupo Omnilife y otras empresas, decidiendo ahora volver a unirse con <strong>Lerdo<\/strong> <strong>de<\/strong> <strong>Tejada<\/strong>, coleccionista de arte y otra de sus ex parejas.<\/p>\n","protected":false},"excerpt":{"rendered":"<p>El due\u00f1o de las Chivas sorprendi\u00f3 con su nueva boda.<\/p>\n","protected":false},"author":20,"featured_media":478787,"comment_status":"closed","ping_status":"closed","sticky":false,"template":"","format":"standard","meta":[],"categories":[5419],"tags":[2314,70,5963,243,8899],"_links":{"self":[{"href":"http:\/\/desarrollo.grupomedios.com\/futbol\/wp-json\/wp\/v2\/posts\/483174"}],"collection":[{"href":"http:\/\/desarrollo.grupomedios.com\/futbol\/wp-json\/wp\/v2\/posts"}],"about":[{"href":"http:\/\/desarrollo.grupomedios.com\/futbol\/wp-json\/wp\/v2\/types\/post"}],"author":[{"embeddable":true,"href":"http:\/\/desarrollo.grupomedios.com\/futbol\/wp-json\/wp\/v2\/users\/20"}],"replies":[{"embeddable":true,"href":"http:\/\/desarrollo.grupomedios.com\/futbol\/wp-json\/wp\/v2\/comments?post=483174"}],"version-history":[{"count":1,"href":"http:\/\/desarrollo.grupomedios.com\/futbol\/wp-json\/wp\/v2\/posts\/483174\/revisions"}],"predecessor-version":[{"id":483182,"href":"http:\/\/desarrollo.grupomedios.com\/futbol\/wp-json\/wp\/v2\/posts\/483174\/revisions\/483182"}],"wp:featuredmedia":[{"embeddable":true,"href":"http:\/\/desarrollo.grupomedios.com\/futbol\/wp-json\/wp\/v2\/media\/478787"}],"wp:attachment":[{"href":"http:\/\/desarrollo.grupomedios.com\/futbol\/wp-json\/wp\/v2\/media?parent=483174"}],"wp:term":[{"taxonomy":"category","embeddable":true,"href":"http:\/\/desarrollo.grupomedios.com\/futbol\/wp-json\/wp\/v2\/categories?post=483174"},{"taxonomy":"post_tag","embeddable":true,"href":"http:\/\/desarrollo.grupomedios.com\/futbol\/wp-json\/wp\/v2\/tags?post=483174"}],"curies":[{"name":"wp","href":"https:\/\/api.w.org\/{rel}","templated":true}]}}