{"id":483198,"date":"2017-06-12T15:22:14","date_gmt":"2017-06-12T20:22:14","guid":{"rendered":"https:\/\/www.futboltotal.com.mx\/?p=483198"},"modified":"2017-06-12T15:39:01","modified_gmt":"2017-06-12T20:39:01","slug":"jorge-campos-candiateo-al-tricolor-ganar-confederaciones","status":"publish","type":"post","link":"http:\/\/desarrollo.grupomedios.com\/futbol\/futbol-mexicano\/jorge-campos-candiateo-al-tricolor-ganar-confederaciones\/2017\/06","title":{"rendered":"Jorge Campos candiate\u00f3 al Tricolor para ganar Confederaciones"},"content":{"rendered":"<p>El exguardameta de la selecci\u00f3n mexicana<strong> Jorge Campos<\/strong> asegur\u00f3 este lunes que el Tri estar\u00e1 en la pelea por el t\u00edtulo de la Copa Confederaciones Rusia 2017, que iniciara el pr\u00f3ximo s\u00e1bado.<\/p>\n<p><strong>Campos<\/strong>, quien como jugador levant\u00f3 la Copa Confederaciones que se celebr\u00f3 en su pa\u00eds en 1999, tambi\u00e9n le dio un voto de confianza al colombiano <strong>Juan Carlos Osorio<\/strong>, manifest\u00f3 que ha hecho un buen trabajo.<\/p>\n<p style=\"text-align: center;\"><span style=\"color: #3366ff;\"><a style=\"color: #3366ff;\" href=\"https:\/\/www.futboltotal.com.mx\/2017\/06\/caixinha-quiere-a-layun-rangers\/\">VER M\u00c1S: Caixinha tambi\u00e9n quiere a Lay\u00fan para el Rangers<\/a><\/span><\/p>\n<blockquote><p>&#8220;Esperamos que (M\u00e9xico) llegue a la final, tengo mucha confianza. Es un equipo joven con jugadores de experiencia, creo que M\u00e9xico tiene muchas oportunidades de ganar esta Copa&#8221;, dijo Campos a Efe en entrevista.<\/p><\/blockquote>\n<p>Se\u00f1al\u00f3 que su confianza se basa en que ha visto la evoluci\u00f3n del representativo y ha seguido el proceso de Osorio, que tiene a M\u00e9xico en el primer lugar del hexagonal final de la Concacaf con 14 puntos de 18 posibles, luego de cuatro triunfos y dos empates.<\/p>\n<blockquote><p>&#8220;(Osorio) en la eliminatoria lo ha hecho muy bien, casi va con paso perfecto y, con un poco de suerte, creo que se puede ganar esta Confederaciones&#8221;, apunto.<\/p><\/blockquote>\n<p>Record\u00f3 que en el f\u00fatbol se ponderan los resultados y los que ha obtenido el estratega colombiano son &#8220;s\u00faper positivos&#8221;.<\/p>\n<p style=\"text-align: center;\"><span style=\"color: #3366ff;\"><a style=\"color: #3366ff;\" href=\"https:\/\/www.futboltotal.com.mx\/2017\/06\/sevilla-evitaria-edwin-cardona-juegue-pachuca\/\">VER M\u00c1S: Sevilla evitar\u00eda que Edwin Cardona juegue con el Pachuca<\/a><\/span><\/p>\n<p>Desde que asumi\u00f3 el cargo en octubre de 2015, Osorio ha dirigido 23 partidos y registra 18 triunfos, tres empates y dos derrotas, una de ellas, la goleada por 0-7 ante Chile en los cuartos de final de la Copa Am\u00e9rica Centenario, que se celebr\u00f3 en 2016.<\/p>\n<p>El mundialista en Estados Unidos 94, Francia 98 y Corea-Jap\u00f3n 2002 indic\u00f3 que el equipo mexicano cuenta con buenos guardametas y en esa posici\u00f3n el Tri no tiene de qu\u00e9 preocuparse.<\/p>\n<blockquote><p>&#8220;Nunca hemos tenido problemas en la porter\u00eda, el portero que juegue lo ha hecho bien y no hay de qu\u00e9 preocuparse&#8221;, expres\u00f3 Campos al ser cuestionado sobre la custodia del marco mexicano en la que estar\u00e1n Alfredo Talavera, Guillermo Ochoa y Rodolfo Cota.<\/p><\/blockquote>\n<p><strong>Campos<\/strong>, de 50 a\u00f1os, ofreci\u00f3 este lunes una conferencia en la Ciudad de M\u00e9xico en la que present\u00f3 un juego de mesa interactivo llamado Soccer Ton. EFE<\/p>\n","protected":false},"excerpt":{"rendered":"<p>Para el ex portero el Tricolor puede competir en Rusia.<\/p>\n","protected":false},"author":144,"featured_media":449329,"comment_status":"closed","ping_status":"closed","sticky":false,"template":"","format":"standard","meta":[],"categories":[3839,2198,5951],"tags":[1580,2053],"_links":{"self":[{"href":"http:\/\/desarrollo.grupomedios.com\/futbol\/wp-json\/wp\/v2\/posts\/483198"}],"collection":[{"href":"http:\/\/desarrollo.grupomedios.com\/futbol\/wp-json\/wp\/v2\/posts"}],"about":[{"href":"http:\/\/desarrollo.grupomedios.com\/futbol\/wp-json\/wp\/v2\/types\/post"}],"author":[{"embeddable":true,"href":"http:\/\/desarrollo.grupomedios.com\/futbol\/wp-json\/wp\/v2\/users\/144"}],"replies":[{"embeddable":true,"href":"http:\/\/desarrollo.grupomedios.com\/futbol\/wp-json\/wp\/v2\/comments?post=483198"}],"version-history":[{"count":3,"href":"http:\/\/desarrollo.grupomedios.com\/futbol\/wp-json\/wp\/v2\/posts\/483198\/revisions"}],"predecessor-version":[{"id":483204,"href":"http:\/\/desarrollo.grupomedios.com\/futbol\/wp-json\/wp\/v2\/posts\/483198\/revisions\/483204"}],"wp:featuredmedia":[{"embeddable":true,"href":"http:\/\/desarrollo.grupomedios.com\/futbol\/wp-json\/wp\/v2\/media\/449329"}],"wp:attachment":[{"href":"http:\/\/desarrollo.grupomedios.com\/futbol\/wp-json\/wp\/v2\/media?parent=483198"}],"wp:term":[{"taxonomy":"category","embeddable":true,"href":"http:\/\/desarrollo.grupomedios.com\/futbol\/wp-json\/wp\/v2\/categories?post=483198"},{"taxonomy":"post_tag","embeddable":true,"href":"http:\/\/desarrollo.grupomedios.com\/futbol\/wp-json\/wp\/v2\/tags?post=483198"}],"curies":[{"name":"wp","href":"https:\/\/api.w.org\/{rel}","templated":true}]}}