{"id":483228,"date":"2017-06-12T18:20:50","date_gmt":"2017-06-12T23:20:50","guid":{"rendered":"https:\/\/www.futboltotal.com.mx\/?p=483228"},"modified":"2017-06-12T18:20:50","modified_gmt":"2017-06-12T23:20:50","slug":"aviles-hurtado-revelo-prefirio-a-rayados-america","status":"publish","type":"post","link":"http:\/\/desarrollo.grupomedios.com\/futbol\/destacado-home\/aviles-hurtado-revelo-prefirio-a-rayados-america\/2017\/06","title":{"rendered":"Avil\u00e9s Hurtado revel\u00f3 por qu\u00e9 prefiri\u00f3 a Rayados sobre Am\u00e9rica"},"content":{"rendered":"<p><strong>Avil\u00e9s Hurtado<\/strong>, quien fue uno de los deseos m\u00e1s grandes del <strong>Am\u00e9rica<\/strong>, lleg\u00f3 a la ciudad de Monterrey para reportar con <em>Rayados<\/em> y revel\u00f3 el motivo por el que declin\u00f3 su fichaje con las<em> \u00c1guilas<\/em>.<\/p>\n<p>El delantero colombiano explic\u00f3 que el proyecto que le present\u00f3 el t\u00e9cnico de<em> La Pandilla<\/em>, Antonio Mohamed, fue lo que lo convenci\u00f3 m\u00e1s que el que ten\u00eda<strong> Am\u00e9rica<\/strong>, por lo que decidi\u00f3 partir rumbo a la Sultana del Norte.<\/p>\n<p style=\"text-align: center;\"><span style=\"color: #3366ff;\"><a style=\"color: #3366ff;\" href=\"https:\/\/www.futboltotal.com.mx\/2017\/06\/celta-vigo-estaria-interesado-en-guillermo-ochoa\/\">VER M\u00c1S: Celta de Vigo estar\u00eda interesado en Guillermo Ochoa<\/a><\/span><\/p>\n<blockquote><p>\u201cSon decisiones que se toman con la directiva anterior, Rayados nos puso un proyecto importante; pasa m\u00e1s por eso, nos convenci\u00f3 el proyecto. Tuve la oportunidad de hablar con el <em>Turco<\/em> y me dio esa confianza, entonces trato de devolver esa confianza en el terreno de juego, dando lo mejor de m\u00ed y con la confianza que las cosas saldr\u00e1n bien\u201d, dijo en el aeropuerto de Monterrey.<\/p><\/blockquote>\n<p>Asimismo, mencion\u00f3 que el reto con la <em>Pandilla<\/em> es grande, ya que el club siempre pelea por cosas importantes, aunque en los \u00faltimos a\u00f1os no ha dado el paso final para lograr un t\u00edtulo.<\/p>\n<p>\u201cSabemos la importancia del <strong>Club Monterrey<\/strong>, siempre pelea por cosas grandes. Lastimosamente en los \u00faltimos a\u00f1os no ha podido dar el paso final. El reto es ser campe\u00f3n, pero para ser campe\u00f3n tienen que pasar muchas cosas y vamos a trabajar de la mejor manera\u201d, se\u00f1al\u00f3.<\/p>\n<p style=\"text-align: center;\"><span style=\"color: #3366ff;\"><a style=\"color: #3366ff;\" href=\"https:\/\/www.futboltotal.com.mx\/2017\/06\/sevilla-evitaria-edwin-cardona-juegue-pachuca\/\">VER M\u00c1S: Sevilla evitar\u00eda que Edwin Cardona juegue con el Pachuca<\/a><\/span><\/p>\n<p>Por \u00faltimo, el Minero no quiso ponerse una meta de goles para el Apertura 2017, ya que mencion\u00f3 que siempre trata de aportarle al equipo y espera reforzar a un plantel que consider\u00f3 de calidad.<\/p>\n<p>\u201cNunca me pongo metas de goles, siempre trato de dar lo mejor de m\u00ed en el terreno de juego y aportarle al equipo. Tenemos un plantel de mucha calidad y esperemos reforzarlo m\u00e1s\u201d, finaliz\u00f3.<\/p>\n<p><em>*Con informaci\u00f3n de Mediotiempo<\/em><\/p>\n","protected":false},"excerpt":{"rendered":"<p>El colombiano prefiri\u00f3 el proyecto de Rayados.<\/p>\n","protected":false},"author":20,"featured_media":471785,"comment_status":"closed","ping_status":"closed","sticky":false,"template":"","format":"standard","meta":[],"categories":[5,2198,3845],"tags":[5959,2069,497],"_links":{"self":[{"href":"http:\/\/desarrollo.grupomedios.com\/futbol\/wp-json\/wp\/v2\/posts\/483228"}],"collection":[{"href":"http:\/\/desarrollo.grupomedios.com\/futbol\/wp-json\/wp\/v2\/posts"}],"about":[{"href":"http:\/\/desarrollo.grupomedios.com\/futbol\/wp-json\/wp\/v2\/types\/post"}],"author":[{"embeddable":true,"href":"http:\/\/desarrollo.grupomedios.com\/futbol\/wp-json\/wp\/v2\/users\/20"}],"replies":[{"embeddable":true,"href":"http:\/\/desarrollo.grupomedios.com\/futbol\/wp-json\/wp\/v2\/comments?post=483228"}],"version-history":[{"count":1,"href":"http:\/\/desarrollo.grupomedios.com\/futbol\/wp-json\/wp\/v2\/posts\/483228\/revisions"}],"predecessor-version":[{"id":483230,"href":"http:\/\/desarrollo.grupomedios.com\/futbol\/wp-json\/wp\/v2\/posts\/483228\/revisions\/483230"}],"wp:featuredmedia":[{"embeddable":true,"href":"http:\/\/desarrollo.grupomedios.com\/futbol\/wp-json\/wp\/v2\/media\/471785"}],"wp:attachment":[{"href":"http:\/\/desarrollo.grupomedios.com\/futbol\/wp-json\/wp\/v2\/media?parent=483228"}],"wp:term":[{"taxonomy":"category","embeddable":true,"href":"http:\/\/desarrollo.grupomedios.com\/futbol\/wp-json\/wp\/v2\/categories?post=483228"},{"taxonomy":"post_tag","embeddable":true,"href":"http:\/\/desarrollo.grupomedios.com\/futbol\/wp-json\/wp\/v2\/tags?post=483228"}],"curies":[{"name":"wp","href":"https:\/\/api.w.org\/{rel}","templated":true}]}}