{"id":483238,"date":"2017-06-12T20:10:05","date_gmt":"2017-06-13T01:10:05","guid":{"rendered":"https:\/\/www.futboltotal.com.mx\/?p=483238"},"modified":"2017-06-12T20:10:05","modified_gmt":"2017-06-13T01:10:05","slug":"isco-quiere-jugar-muchos-anios-mas-con-el-real-madrid","status":"publish","type":"post","link":"http:\/\/desarrollo.grupomedios.com\/futbol\/futbol-internacional\/isco-quiere-jugar-muchos-anios-mas-con-el-real-madrid\/2017\/06","title":{"rendered":"Isco est\u00e1 cerca de renovar con los Merengues"},"content":{"rendered":"<p>El mediocampista del <a href=\"https:\/\/www.futboltotal.com.mx\/2017\/06\/real-madrid-encontro-en-vallejo-al-sustituto-de-pepe\/\" target=\"_blank\" rel=\"noopener noreferrer\"><span style=\"color: #333399;\"><strong>Real Madrid<\/strong><\/span><\/a>, <strong>Isco Alarc\u00f3n<\/strong>, quien fue pieza clave en la obtenci\u00f3n de la <strong>Liga<\/strong> y la <a href=\"https:\/\/www.futboltotal.com.mx\/2017\/06\/en-vivo-juventus-vs-real-madrid-final-champions-league\/\" target=\"_blank\" rel=\"noopener noreferrer\"><span style=\"color: #333399;\"><strong>UEFA Champions League<\/strong><\/span><\/a>, est\u00e1 cerca de ampliar su contrato con el cuadro de <strong>Valdebebas<\/strong>, con el que estar\u00e1 por un a\u00f1o m\u00e1s.<\/p>\n<p>El centrocampista espa\u00f1ol se encuentra de vacaciones luego de su \u00faltimo compromiso con la <a href=\"https:\/\/www.futboltotal.com.mx\/2017\/06\/espana-e-italia-se-mantienen-firmes-en-camino-a-rusia-2018\/\" target=\"_blank\" rel=\"noopener noreferrer\"><span style=\"color: #333399;\"><strong>Selecci\u00f3n de Espa\u00f1a<\/strong><\/span><\/a> en <strong>Macedonia<\/strong>.<\/p>\n<p style=\"text-align: center;\"><a href=\"https:\/\/www.futboltotal.com.mx\/2017\/06\/bravo-abandono-la-concentracion-de-chile-y-viajo-a-barcelona\/\" target=\"_blank\" rel=\"noopener noreferrer\"><span style=\"color: #333399;\">VER M\u00c1S:\u00a0Claudio Bravo abandona la concentraci\u00f3n de Chile<\/span><\/a><\/p>\n<p>\u201cEstoy muy contento en el Real Madrid, espero estar muchos a\u00f1os y ganar muchos t\u00edtulos m\u00e1s. Ahora toca descansar, hay ganas de vacaciones. Hemos sido campeones de Liga y de Champions terminando el a\u00f1o con el mejor final. Hay que recuperar fuerzas y desconectar antes de volver a pelear por t\u00edtulos\u201d, dijo el jugador <em>Blanco<\/em>.<\/p>\n<p>\u201cHe terminado muy bien la temporada, disfrutando de una temporada hist\u00f3rica del Real Madrid. Me voy muy contento por los t\u00edtulos que hemos ganado y por el trabajo que he hecho. Cuando los resultados colectivos salen tan bien, potencia lo individual. Estar con los mejores te lo hace m\u00e1s f\u00e1cil. Me queda mucho f\u00fatbol para seguir disfrutando\u201d, finaliz\u00f3.<\/p>\n<p style=\"text-align: center;\"><a href=\"https:\/\/www.futboltotal.com.mx\/2017\/06\/suecia-repudia-a-ibrahimovic-y-no-quieren-que-vuelva-a-la-seleccion\/\" target=\"_blank\" rel=\"noopener noreferrer\"><span style=\"color: #333399;\">VER M\u00c1S:\u00a0Zlatan Ibrahimovic es repudiado en su natal Suecia<\/span><\/a><\/p>\n","protected":false},"excerpt":{"rendered":"<p>\u00a1Grande! Isco desea quedarse con el Real Madrid<\/p>\n","protected":false},"author":20,"featured_media":476828,"comment_status":"closed","ping_status":"closed","sticky":false,"template":"","format":"standard","meta":[],"categories":[3839],"tags":[36,3109,253,6071,7135,5956,5988,2503,1979,192,4826],"_links":{"self":[{"href":"http:\/\/desarrollo.grupomedios.com\/futbol\/wp-json\/wp\/v2\/posts\/483238"}],"collection":[{"href":"http:\/\/desarrollo.grupomedios.com\/futbol\/wp-json\/wp\/v2\/posts"}],"about":[{"href":"http:\/\/desarrollo.grupomedios.com\/futbol\/wp-json\/wp\/v2\/types\/post"}],"author":[{"embeddable":true,"href":"http:\/\/desarrollo.grupomedios.com\/futbol\/wp-json\/wp\/v2\/users\/20"}],"replies":[{"embeddable":true,"href":"http:\/\/desarrollo.grupomedios.com\/futbol\/wp-json\/wp\/v2\/comments?post=483238"}],"version-history":[{"count":1,"href":"http:\/\/desarrollo.grupomedios.com\/futbol\/wp-json\/wp\/v2\/posts\/483238\/revisions"}],"predecessor-version":[{"id":483239,"href":"http:\/\/desarrollo.grupomedios.com\/futbol\/wp-json\/wp\/v2\/posts\/483238\/revisions\/483239"}],"wp:featuredmedia":[{"embeddable":true,"href":"http:\/\/desarrollo.grupomedios.com\/futbol\/wp-json\/wp\/v2\/media\/476828"}],"wp:attachment":[{"href":"http:\/\/desarrollo.grupomedios.com\/futbol\/wp-json\/wp\/v2\/media?parent=483238"}],"wp:term":[{"taxonomy":"category","embeddable":true,"href":"http:\/\/desarrollo.grupomedios.com\/futbol\/wp-json\/wp\/v2\/categories?post=483238"},{"taxonomy":"post_tag","embeddable":true,"href":"http:\/\/desarrollo.grupomedios.com\/futbol\/wp-json\/wp\/v2\/tags?post=483238"}],"curies":[{"name":"wp","href":"https:\/\/api.w.org\/{rel}","templated":true}]}}