{"id":483261,"date":"2017-06-13T08:00:10","date_gmt":"2017-06-13T13:00:10","guid":{"rendered":"https:\/\/www.futboltotal.com.mx\/?p=483261"},"modified":"2017-06-13T08:00:10","modified_gmt":"2017-06-13T13:00:10","slug":"denuncian-en-espana-cristiano-ronaldo-defraudar-hacienda","status":"publish","type":"post","link":"http:\/\/desarrollo.grupomedios.com\/futbol\/destacado-home\/denuncian-en-espana-cristiano-ronaldo-defraudar-hacienda\/2017\/06","title":{"rendered":"Cristiano Ronaldo es denunciado en Espa\u00f1a por defraudar a Hacienda"},"content":{"rendered":"<p class=\"DETALLE_N_titulo \"><span id=\"ctl14_lblMostra\">La Fiscal\u00eda de Madrid ha presentado una denuncia contra el futbolista del <strong>Real Madrid,<\/strong> <strong>Cristiano<\/strong> <strong>Ronaldo<\/strong> al que acusa de crear una estructura societaria para defraudar 14,7 millones de euros de forma &#8220;consciente&#8221; y &#8220;voluntaria&#8221;.<\/p>\n<p>En su escrito enviado a los Juzgados de Instrucci\u00f3n de Pozuelo de Alarc\u00f3n, el Ministerio P\u00fablico le acusa de cuatro delitos contra la Hacienda P\u00fablica cometidos entre 2011 y 2014 y que suponen un fraude tributario de 14.768.897 euros. Las cuotas defraudadas son de 1,39 millones en 2011, 1.66 en 2012, 3.20 en 2013 y de 8.50 en 2014.<\/p>\n<p>La Fiscal\u00eda subraya que <strong>Ronaldo<\/strong> se ha aprovechado de una estructura societaria creada en 2010 para ocultar al fisco las rentas generadas en Espa\u00f1a por los derechos de imagen, algo que supone un incumplimiento &#8220;voluntario&#8221; y &#8220;consciente&#8221; de sus obligaciones fiscales en Espa\u00f1a.<\/span><\/p>\n<p class=\"DETALLE_N_titulo \" style=\"text-align: center;\"><span id=\"ctl14_lblMostra\"><a href=\"https:\/\/www.futboltotal.com.mx\/2017\/06\/aviles-hurtado-revelo-prefirio-a-rayados-america\/\" target=\"_blank\" rel=\"noopener noreferrer\"><span style=\"color: #333399;\">VER M\u00c1S: Avil\u00e9s Hurtado confes\u00f3 por qu\u00e9 prefiri\u00f3 a Monterrey sobre Am\u00e9rica<\/span><\/a><\/span><\/p>\n<p class=\"DETALLE_N_titulo \" style=\"text-align: left;\"><span id=\"ctl14_lblMostra\">Se da el caso de que el Ministerio P\u00fablico cita en su denuncia la reciente sentencia del Tribunal Supremo que confirma la condena a 21 meses de c\u00e1rcel por delito fiscal que la Audiencia de Barcelona impuso al futbolista del F. C. <strong>Barcelona Lionel<\/strong> <strong>Messi<\/strong>, por haber defraudado 4,1 millones de euros obtenidos de la explotaci\u00f3n de sus derechos de imagen.<\/p>\n<p>Conforme a esta jurisprudencia, la Fiscal\u00eda presenta esta denuncia a fin de que sean los Tribunales los que diriman la relevancia penal de la conducta de <strong>Cristiano<\/strong> <strong>Ronaldo<\/strong>.<\/p>\n<p>La denuncia, que se basa en el informe remitido a la Fiscal\u00eda por la Agencia Estatal de la Administraci\u00f3n Tributaria (AEAT), recuerda que en 2008 <strong>Ronaldo<\/strong> confiri\u00f3 a su agente un poder para firmar un contrato de trabajo con el <strong>Real Madrid<\/strong> entre las temporadas 2009\/2010 y 2014\/2015 y que fue rubricado en 2009, de manera que es residente fiscal en nuestro pa\u00eds desde el 1 de enero de 2010.<\/span><\/p>\n<p class=\"DETALLE_N_titulo \" style=\"text-align: center;\"><span id=\"ctl14_lblMostra\"><a href=\"https:\/\/www.futboltotal.com.mx\/2017\/06\/herrera-aseguro-que-esperan-dos-refuerzos-mas-para-el-apertura\/\" target=\"_blank\" rel=\"noopener noreferrer\"><span style=\"color: #333399;\">VER M\u00c1S: \u00a0Am\u00e9rica ir\u00e1 por dos refuerzos m\u00e1s para el Apertura 2017<\/span><\/a><\/span><\/p>\n<p class=\"DETALLE_N_titulo \" style=\"text-align: left;\"><span id=\"ctl14_lblMostra\">De hecho, Ronaldo opt\u00f3 &#8220;expresamente&#8221;, en fecha 11 de noviembre de 2011, por el r\u00e9gimen fiscal espa\u00f1ol aplicable a los trabajadores desplazados al territorio espa\u00f1ol, por lo que tendr\u00eda que haber grabado en 2011 sus rentas obtenidas en suelo espa\u00f1ol al tipo del 24% y al tipo del 24,75% en los tres ejercicios posteriores.<\/p>\n<p>Sin embargo, el Ministerio P\u00fablico apunta a que una vez el Real Madrid le confirm\u00f3 en 2008 sus condiciones de contrato &#8220;y con la intenci\u00f3n de obtener un beneficio fiscal il\u00edcito cuando llegara a Espa\u00f1a&#8221;, simul\u00f3 ceder sus derechos de imagen a una sociedad llamada Tollin Associates LTD, domiciliada en las Islas V\u00edrgenes Brit\u00e1nicas y de la que era socio \u00fanico.<\/p>\n<p>Dicha sociedad cedi\u00f3 la explotaci\u00f3n de los derechos de imagen del futbolista a otra sociedad ubicada en Irlanda con el nombre de Multisports &amp; and Image Management LTD que, &#8220;efectivamente&#8221;, se dedic\u00f3 a la gesti\u00f3n y explotaci\u00f3n de los derechos de imagen del futbolista sin que la sociedad ubicada en las Islas V\u00edrgenes Brit\u00e1nicas desarrollara actividad alguna.<\/span><\/p>\n<p class=\"DETALLE_N_titulo \" style=\"text-align: center;\"><span id=\"ctl14_lblMostra\"><a href=\"https:\/\/www.futboltotal.com.mx\/2017\/06\/celta-vigo-estaria-interesado-en-guillermo-ochoa\/\" target=\"_blank\" rel=\"noopener noreferrer\"><span style=\"color: #333399;\">VER M\u00c1S: Celta de Vigo est\u00e1 interesado en Guillermo Ochoa<\/span><\/a><\/span><\/p>\n<p class=\"DETALLE_N_titulo \" style=\"text-align: left;\"><span id=\"ctl14_lblMostra\">La Fiscal\u00eda ve &#8220;completamente innecesaria&#8221; la previa cesi\u00f3n de la explotaci\u00f3n de los derechos a la sociedad de las Islas V\u00edrgenes que, en su opini\u00f3n, demuestra que &#8220;solamente ten\u00eda como finalidad la interposici\u00f3n de una pantalla para ocultar a la Agencia Estatal de la Administraci\u00f3n Tributaria la totalidad de os ingresos obtenidos por el denunciado por la explotaci\u00f3n de su imagen&#8221;.<\/p>\n<p>Adem\u00e1s, el Ministerio P\u00fablico asegura que Ronaldo present\u00f3 en su declaraci\u00f3n del IRPF de 2014 una rentas de fuente espa\u00f1ola entre 2011 y 2014 de 11,5 millones de euros, cuando las rentas verdaderamente obtenidas fueron de casi 43 millones de euros.<\/p>\n<p>En esta declaraci\u00f3n, a\u00f1ade, calific\u00f3 los rendimientos obtenidos como rendimientos de capital mobiliario y no como rendimientos derivados de actividades econ\u00f3micas lo que le permiti\u00f3 disminuir &#8220;considerablemente&#8221; la base imponible a declarar.<\/p>\n<p>Por \u00faltimo la Fiscal\u00eda se\u00f1ala que Ronaldo no incluy\u00f3 &#8220;voluntariamente&#8221; unos ingresos que Hacienda cifra en 28,4 millones de euros por derechos de imagen a otra sociedad a la que ya hab\u00eda cedido estos derechos entre 2015 y 2020 llamada Adifore Finance LTD que s\u00f3lo operaba para territorio espa\u00f1ol.<\/span><\/p>\n<p class=\"DETALLE_N_titulo \" style=\"text-align: center;\"><a href=\"https:\/\/www.futboltotal.com.mx\/2017\/06\/suecia-repudia-a-ibrahimovic-y-no-quieren-que-vuelva-a-la-seleccion\/\" target=\"_blank\" rel=\"noopener noreferrer\"><span style=\"color: #333399;\">VER M\u00c1S: Zlatan Ibrahimovic es repudiado en su natal Suecia<\/span><\/a><\/p>\n<div id=\"texto\" class=\"texto_txt\"><\/div>\n","protected":false},"excerpt":{"rendered":"<p>Se e acusa de cuatro delitos contra Hacienda P\u00fablica cometidos entre 2011 y 2014.<\/p>\n","protected":false},"author":144,"featured_media":483262,"comment_status":"closed","ping_status":"closed","sticky":false,"template":"","format":"standard","meta":[],"categories":[5419,5,3839,3844],"tags":[739,6013,8954,2810,8013,5988],"_links":{"self":[{"href":"http:\/\/desarrollo.grupomedios.com\/futbol\/wp-json\/wp\/v2\/posts\/483261"}],"collection":[{"href":"http:\/\/desarrollo.grupomedios.com\/futbol\/wp-json\/wp\/v2\/posts"}],"about":[{"href":"http:\/\/desarrollo.grupomedios.com\/futbol\/wp-json\/wp\/v2\/types\/post"}],"author":[{"embeddable":true,"href":"http:\/\/desarrollo.grupomedios.com\/futbol\/wp-json\/wp\/v2\/users\/144"}],"replies":[{"embeddable":true,"href":"http:\/\/desarrollo.grupomedios.com\/futbol\/wp-json\/wp\/v2\/comments?post=483261"}],"version-history":[{"count":1,"href":"http:\/\/desarrollo.grupomedios.com\/futbol\/wp-json\/wp\/v2\/posts\/483261\/revisions"}],"predecessor-version":[{"id":483264,"href":"http:\/\/desarrollo.grupomedios.com\/futbol\/wp-json\/wp\/v2\/posts\/483261\/revisions\/483264"}],"wp:featuredmedia":[{"embeddable":true,"href":"http:\/\/desarrollo.grupomedios.com\/futbol\/wp-json\/wp\/v2\/media\/483262"}],"wp:attachment":[{"href":"http:\/\/desarrollo.grupomedios.com\/futbol\/wp-json\/wp\/v2\/media?parent=483261"}],"wp:term":[{"taxonomy":"category","embeddable":true,"href":"http:\/\/desarrollo.grupomedios.com\/futbol\/wp-json\/wp\/v2\/categories?post=483261"},{"taxonomy":"post_tag","embeddable":true,"href":"http:\/\/desarrollo.grupomedios.com\/futbol\/wp-json\/wp\/v2\/tags?post=483261"}],"curies":[{"name":"wp","href":"https:\/\/api.w.org\/{rel}","templated":true}]}}