{"id":483263,"date":"2017-06-13T08:00:40","date_gmt":"2017-06-13T13:00:40","guid":{"rendered":"https:\/\/www.futboltotal.com.mx\/?p=483263"},"modified":"2017-06-13T08:00:40","modified_gmt":"2017-06-13T13:00:40","slug":"hector-moreno-nuevo-jugador-la-roma","status":"publish","type":"post","link":"http:\/\/desarrollo.grupomedios.com\/futbol\/destacado-home\/hector-moreno-nuevo-jugador-la-roma\/2017\/06","title":{"rendered":"\u00a1H\u00e9ctor Moreno es nuevo jugador de la Roma!"},"content":{"rendered":"<p>Ante la sorpresa de todos y con el jugador prepar\u00e1ndose para la Copa Confederaciones, la <strong>Roma<\/strong> de Italia anunci\u00f3 la contrataci\u00f3n del defensa central mexicano,<strong> H\u00e9ctor Moreno<\/strong>.<\/p>\n<p>El jugador dejar\u00e1 al PSV Eindhoven para jugar en la Serie A de Italia a partir de la pr\u00f3xima temporada, as\u00ed lo anunci\u00f3\u00a0<em>La Loba\u00a0<\/em>en su cuenta de Twitter.<\/p>\n<p>https:\/\/twitter.com\/ASRomaEspanol\/status\/874609951951511552<\/p>\n<p><strong>H\u00e9ctor Moreno<\/strong> firm\u00f3 un contrato por cuatro a\u00f1os para la <strong>Roma<\/strong> y ya dio sus primeras declaraciones para su nuevo club.<\/p>\n<p>&#8220;Estoy muy feliz por firmar con la <strong>Roma<\/strong>. Espero poder mostrar mis capacidades individuales para poder ayudar en lo que sea necesario al equipo&#8221;, declar\u00f3 el mexicano para la p\u00e1gina del club.<\/p>\n","protected":false},"excerpt":{"rendered":"<p>El mexicano firm\u00f3 por cuatro a\u00f1os con La Loba.<\/p>\n","protected":false},"author":129,"featured_media":455196,"comment_status":"closed","ping_status":"closed","sticky":false,"template":"","format":"standard","meta":[],"categories":[5,3839,2198],"tags":[5987,3224,320],"_links":{"self":[{"href":"http:\/\/desarrollo.grupomedios.com\/futbol\/wp-json\/wp\/v2\/posts\/483263"}],"collection":[{"href":"http:\/\/desarrollo.grupomedios.com\/futbol\/wp-json\/wp\/v2\/posts"}],"about":[{"href":"http:\/\/desarrollo.grupomedios.com\/futbol\/wp-json\/wp\/v2\/types\/post"}],"author":[{"embeddable":true,"href":"http:\/\/desarrollo.grupomedios.com\/futbol\/wp-json\/wp\/v2\/users\/129"}],"replies":[{"embeddable":true,"href":"http:\/\/desarrollo.grupomedios.com\/futbol\/wp-json\/wp\/v2\/comments?post=483263"}],"version-history":[{"count":1,"href":"http:\/\/desarrollo.grupomedios.com\/futbol\/wp-json\/wp\/v2\/posts\/483263\/revisions"}],"predecessor-version":[{"id":483265,"href":"http:\/\/desarrollo.grupomedios.com\/futbol\/wp-json\/wp\/v2\/posts\/483263\/revisions\/483265"}],"wp:featuredmedia":[{"embeddable":true,"href":"http:\/\/desarrollo.grupomedios.com\/futbol\/wp-json\/wp\/v2\/media\/455196"}],"wp:attachment":[{"href":"http:\/\/desarrollo.grupomedios.com\/futbol\/wp-json\/wp\/v2\/media?parent=483263"}],"wp:term":[{"taxonomy":"category","embeddable":true,"href":"http:\/\/desarrollo.grupomedios.com\/futbol\/wp-json\/wp\/v2\/categories?post=483263"},{"taxonomy":"post_tag","embeddable":true,"href":"http:\/\/desarrollo.grupomedios.com\/futbol\/wp-json\/wp\/v2\/tags?post=483263"}],"curies":[{"name":"wp","href":"https:\/\/api.w.org\/{rel}","templated":true}]}}